{"id":8156,"date":"2026-03-22T23:28:34","date_gmt":"2026-03-23T05:28:34","guid":{"rendered":"https:\/\/revistapantalla.com\/?p=8156"},"modified":"2026-03-22T23:28:36","modified_gmt":"2026-03-23T05:28:36","slug":"guapur-productor-de-lentes-oscuros-ya-hizo-su-preregistro-a-la-expopantalla-sera-el-primero-en-entrar-el-martes-28-y-tambien-el-miercoles-29-de-julio-quiere-comprar-y-rentar-todo-va-a-asistir","status":"publish","type":"post","link":"https:\/\/revistapantalla.com\/?p=8156","title":{"rendered":"GuaPur: Productor de Lentes Oscuros ya hizo su\u00a0PreRegistro a la ExpoPantalla, ser\u00e1 el primero en entrar el martes 28 y tambi\u00e9n el mi\u00e9rcoles 29 de julio. Quiere comprar y rentar todo. Va a asistir a la Gran Reuni\u00f3n de Stage M\u00e9xico Audiovisual \/ Pabell\u00f3n M\u00e9xico Audiovisual"},"content":{"rendered":"\n<p>En Clave de H, por GuaPur<br><br><strong>El texto de abajo no debe tomarse muy en serio, o quiz\u00e1 s\u00ed. Est\u00e1 escrito En Clave de H, por GuaPur, en clave de humor por Guasa Pura.<\/strong><br><br><br>Como es su propia tradici\u00f3n, El Productor de Lentes Oscuros es el primero en Pre-Registrarse a la ExpoPantalla, la nueva era de la Expo Cine Video Televisi\u00f3n, es la Expo de la Revista TelemundoCine \/ Revista Pantalla.com<br><br><\/p>\n\n\n\n<ul class=\"wp-block-list\">\n<li>Tiene muy claro uno de sus objetivos, ser\u00e1 el primero en entrar el martes 28 y el mi\u00e9rcoles 29 de julio, tiene el r\u00e9cord desde 1993, primer a\u00f1o de la ExpoPantalla. Nadie nunca jam\u00e1s le ha ganado ser el primero en PreRegistarse y en entrar. Tiene ya 33 gafetes con el n\u00famero 00001. Es toda una colecci\u00f3n que le da mucho orgullo. <br><br><\/li>\n\n\n\n<li>En esta ocasi\u00f3n de nuevo quiere comprar y rentar todo. <br><br><\/li>\n\n\n\n<li>Quiere las c\u00e1maras, los lentes, los switchers, los micr\u00f3fonos, las grabadoras de audio, las luminarias rob\u00f3ticas, de parrilla y port\u00e1tiles&#8230; <br><br><\/li>\n\n\n\n<li>Y claro que tambi\u00e9n est\u00e1 listo para llevarse las soluciones de Producci\u00f3n Virtual con sus pantallas espectaculares y todos los artilugios necesarios. <br><br><\/li>\n\n\n\n<li>No sabe a\u00fan c\u00f3mo va a financiar todas sus compras, pero recuerda esa campa\u00f1a de VW que fue muy exitosa: Todo mundo tiene un Jetta&#8230; al menos en la cabeza. As\u00ed se siente El Productor de Lentes Oscuros, tiene en la cabeza todo lo que se vende y renta en la ExpoPantalla. <br><br><\/li>\n\n\n\n<li>Y ser\u00e1 el primero en llegar tambi\u00e9n a la Gran Reuni\u00f3n de Stage M\u00e9xico Audiovisual  \/ Pabell\u00f3n M\u00e9xico Audiovisual que dirige Arturo Gonz\u00e1lez. Trae ya todos sus proyectos bajo el brazo&#8230; claro, en una USB. Son muchos, incluyendo su pel\u00edcula No-Muro. <br><\/li>\n<\/ul>\n\n\n\n<p><strong>El texto de arriba no debe tomarse muy en serio, o quiz\u00e1 s\u00ed. Est\u00e1 escrito En Clave de H, por GuaPur, en clave de humor por Guasa Pura.<\/strong> <\/p>\n\n\n\n<p><\/p>\n","protected":false},"excerpt":{"rendered":"<p>Quiere las c\u00e1maras, los lentes, los switchers, los micr\u00f3fonos, las grabadoras de audio, las luminarias rob\u00f3ticas, de parrilla y port\u00e1tiles&#8230;<br \/>\nY claro que tambi\u00e9n est\u00e1 listo para llevarse las soluciones de Producci\u00f3n Virtual con sus pantallas espectaculares y todos los artilugios necesarios.<\/p>\n","protected":false},"author":2,"featured_media":8113,"comment_status":"closed","ping_status":"closed","sticky":false,"template":"","format":"standard","meta":{"_acf_changed":false,"footnotes":""},"categories":[126,137,110,125,149],"tags":[],"post_folder":[],"class_list":["post-8156","post","type-post","status-publish","format-standard","has-post-thumbnail","hentry","category-cine","category-plataformas","category-solo-para-fanaticos","category-television","category-video-podcast"],"acf":[],"_links":{"self":[{"href":"https:\/\/revistapantalla.com\/index.php?rest_route=\/wp\/v2\/posts\/8156","targetHints":{"allow":["GET"]}}],"collection":[{"href":"https:\/\/revistapantalla.com\/index.php?rest_route=\/wp\/v2\/posts"}],"about":[{"href":"https:\/\/revistapantalla.com\/index.php?rest_route=\/wp\/v2\/types\/post"}],"author":[{"embeddable":true,"href":"https:\/\/revistapantalla.com\/index.php?rest_route=\/wp\/v2\/users\/2"}],"replies":[{"embeddable":true,"href":"https:\/\/revistapantalla.com\/index.php?rest_route=%2Fwp%2Fv2%2Fcomments&post=8156"}],"version-history":[{"count":1,"href":"https:\/\/revistapantalla.com\/index.php?rest_route=\/wp\/v2\/posts\/8156\/revisions"}],"predecessor-version":[{"id":8157,"href":"https:\/\/revistapantalla.com\/index.php?rest_route=\/wp\/v2\/posts\/8156\/revisions\/8157"}],"wp:featuredmedia":[{"embeddable":true,"href":"https:\/\/revistapantalla.com\/index.php?rest_route=\/wp\/v2\/media\/8113"}],"wp:attachment":[{"href":"https:\/\/revistapantalla.com\/index.php?rest_route=%2Fwp%2Fv2%2Fmedia&parent=8156"}],"wp:term":[{"taxonomy":"category","embeddable":true,"href":"https:\/\/revistapantalla.com\/index.php?rest_route=%2Fwp%2Fv2%2Fcategories&post=8156"},{"taxonomy":"post_tag","embeddable":true,"href":"https:\/\/revistapantalla.com\/index.php?rest_route=%2Fwp%2Fv2%2Ftags&post=8156"},{"taxonomy":"post_folder","embeddable":true,"href":"https:\/\/revistapantalla.com\/index.php?rest_route=%2Fwp%2Fv2%2Fpost_folder&post=8156"}],"curies":[{"name":"wp","href":"https:\/\/api.w.org\/{rel}","templated":true}]}}