{"id":7851,"date":"2026-03-12T16:31:54","date_gmt":"2026-03-12T22:31:54","guid":{"rendered":"https:\/\/revistapantalla.com\/?p=7851"},"modified":"2026-03-12T16:31:55","modified_gmt":"2026-03-12T22:31:55","slug":"mauro-guzman-gana-premio-a-revelacion-infantil-del-xxvii-festival-pantalla-de-cristal-en-categoria-mediometrajes-por-casa-chica-produccion-del-ccc-dirigido-por-lau-charles","status":"publish","type":"post","link":"https:\/\/revistapantalla.com\/?p=7851","title":{"rendered":"MAURO Guzm\u00e1n gana premio a Revelaci\u00f3n Infantil del XXVII Festival Pantalla de Cristal en categor\u00eda Mediometrajes por Casa Chica, producci\u00f3n del CCC, dirigido por Lau Charles"},"content":{"rendered":"\n<p>Por Jos\u00e9 Antonio Fern\u00e1ndez <\/p>\n\n\n\n<p>Mauro Guzm\u00e1n gana premio a Revelaci\u00f3n Infantil del XXVII Festival Pantalla de Cristal en la categor\u00eda Mediometrajes por Casa Chica, producci\u00f3n del CCC, dirigido por Lau Charles. <br><br><\/p>\n\n\n\n<p>Lau Charle tambi\u00e9n gana el premio a Mejor Direcci\u00f3n. <\/p>\n\n\n\n<ul class=\"wp-block-list\">\n<li>Como el nombre de la producci\u00f3n lo adelanta, se retrata una situaci\u00f3n familiar muy compleja, y m\u00e1s cuando hermano y hermana, muy peque\u00f1os, se dan cuenta de lo que sucede. <br><br><\/li>\n\n\n\n<li>Se trata de un drama en el que el peso mayor lo lleva Mauro Guzm\u00e1n, es quien junto con su hermana hace contacto sentimental con el p\u00fablico de manera profunda. <br><br><\/li>\n\n\n\n<li>Lau Charles va tejiendo la historia, sabe que el espectador conoce lo que va a suceder, pero tambi\u00e9n est\u00e1 consciente de que el impacto ser\u00e1 mayor cuando en pantalla se vea esa realidad que destroza corazones. <br><br><\/li>\n<\/ul>\n\n\n\n<p>Mauro Guzm\u00e1n tiene el poder como actor, su premio a la Revelaci\u00f3n Infantil le anuncia su futuro, si decide dedicarse al mundo del cine, el set y los escenarios. <br><br><br>\u00a1Bravo!<\/p>\n","protected":false},"excerpt":{"rendered":"<p>Mauro Guzm\u00e1n tiene el poder como actor, su premio a la Revelaci\u00f3n Infantil le anuncia su futuro, si decide dedicarse al mundo del cine, el set y los escenarios. <\/p>\n","protected":false},"author":2,"featured_media":7799,"comment_status":"closed","ping_status":"closed","sticky":false,"template":"","format":"standard","meta":{"_acf_changed":false,"footnotes":""},"categories":[126,80,110],"tags":[],"post_folder":[],"class_list":["post-7851","post","type-post","status-publish","format-standard","has-post-thumbnail","hentry","category-cine","category-jdrc","category-solo-para-fanaticos"],"acf":[],"_links":{"self":[{"href":"https:\/\/revistapantalla.com\/index.php?rest_route=\/wp\/v2\/posts\/7851","targetHints":{"allow":["GET"]}}],"collection":[{"href":"https:\/\/revistapantalla.com\/index.php?rest_route=\/wp\/v2\/posts"}],"about":[{"href":"https:\/\/revistapantalla.com\/index.php?rest_route=\/wp\/v2\/types\/post"}],"author":[{"embeddable":true,"href":"https:\/\/revistapantalla.com\/index.php?rest_route=\/wp\/v2\/users\/2"}],"replies":[{"embeddable":true,"href":"https:\/\/revistapantalla.com\/index.php?rest_route=%2Fwp%2Fv2%2Fcomments&post=7851"}],"version-history":[{"count":1,"href":"https:\/\/revistapantalla.com\/index.php?rest_route=\/wp\/v2\/posts\/7851\/revisions"}],"predecessor-version":[{"id":7852,"href":"https:\/\/revistapantalla.com\/index.php?rest_route=\/wp\/v2\/posts\/7851\/revisions\/7852"}],"wp:featuredmedia":[{"embeddable":true,"href":"https:\/\/revistapantalla.com\/index.php?rest_route=\/wp\/v2\/media\/7799"}],"wp:attachment":[{"href":"https:\/\/revistapantalla.com\/index.php?rest_route=%2Fwp%2Fv2%2Fmedia&parent=7851"}],"wp:term":[{"taxonomy":"category","embeddable":true,"href":"https:\/\/revistapantalla.com\/index.php?rest_route=%2Fwp%2Fv2%2Fcategories&post=7851"},{"taxonomy":"post_tag","embeddable":true,"href":"https:\/\/revistapantalla.com\/index.php?rest_route=%2Fwp%2Fv2%2Ftags&post=7851"},{"taxonomy":"post_folder","embeddable":true,"href":"https:\/\/revistapantalla.com\/index.php?rest_route=%2Fwp%2Fv2%2Fpost_folder&post=7851"}],"curies":[{"name":"wp","href":"https:\/\/api.w.org\/{rel}","templated":true}]}}