{"id":7837,"date":"2026-03-12T16:02:31","date_gmt":"2026-03-12T22:02:31","guid":{"rendered":"https:\/\/revistapantalla.com\/?p=7837"},"modified":"2026-03-12T16:07:45","modified_gmt":"2026-03-12T22:07:45","slug":"nuestra-propuesta-alianza-para-sumar-contenidos-en-una-sola-plataforma-vix-tv-azteca-claro-video-y-television-espanola","status":"publish","type":"post","link":"https:\/\/revistapantalla.com\/?p=7837","title":{"rendered":"NUESTRA propuesta: Alianza para sumar contenidos en una sola plataforma, ViX, TV Azteca, Claro Video y Televisi\u00f3n Espa\u00f1ola"},"content":{"rendered":"\n<p>Por Jos\u00e9 Antonio Fern\u00e1ndez<\/p>\n\n\n\n<p>Hace tiempo propuse aqu\u00ed una alianza: cuando empez\u00f3 a crecer sin freno la plataforma Netflix, la compa\u00f1\u00eda Televisa de Emilizo Azc\u00e1rraga Jean lanz\u00f3 Blim y Univision present\u00f3 Now. Despu\u00e9s se unieron para formar ViX.<br><\/p>\n\n\n\n<ul class=\"wp-block-list\">\n<li>Antes del nacimiento de ViX, propuse que se unieran Blim de Televisa, Claro Video de Carlos Slim y Ricardo Salinas con su videoteca de TV Azteca para formar una plataforma gigante que compitiera a nivel global con Netflix y Amazon Prime Video. Podr\u00edan incluso haber sumado los cat\u00e1logos de Televisi\u00f3n Espa\u00f1ola y Caracol de Colombia.<br><br><\/li>\n\n\n\n<li>Esa gigantesca plataforma de habla hispana no se dio en ese momento, pero bien podr\u00eda conformarse ahora. Pueden encontrar acuerdos entre s\u00ed.<br><br><\/li>\n\n\n\n<li>S\u00e9 que suena il\u00f3gico, absurdo y una locura, pero quiz\u00e1 en pocos a\u00f1os nos llegue la noticia de que Netflix se lanza a comprar ViX con todo el cat\u00e1logo de TelevisaUnivision, y entonces se comprender\u00e1 el por qu\u00e9 de mi propuesta.<br><\/li>\n<\/ul>\n\n\n\n<p>Ahora que se dio la archimillonaria competencia entre Paramount y Netflix por Warner Discovery HBO MAX CNN, qued\u00f3 muy claro que Estados Unidos le da importancia m\u00e1xima al negocio del entretenimiento a nivel global.<br><br><br>La uni\u00f3n de los productores de contenido de M\u00e9xico tendr\u00edan un impacto extraordinario a nivel mundial, ah\u00ed est\u00e1n contenidos de gran valor desde la \u00c9poca de Oro del Cine Nacional (Pedro Infante, Cantinflas\u2026) hasta todas las telenovelas, series, miles de pel\u00edculas y series de documentales.<br><br><br>Invito a que lo consideren Emilio Azc\u00e1rraga Jean, Bernardo G\u00f3mez, Alfonso de Angoitia, Carlos Slim, Ricardo Salinas Pliego, Benjam\u00edn Salinas y los directivos de Televisi\u00f3n Espa\u00f1ola. Podr\u00edan s\u00ed, sumar a Caracol.<\/p>\n","protected":false},"excerpt":{"rendered":"<p>S\u00e9 que suena il\u00f3gico, absurdo y una locura, pero quiz\u00e1 en pocos a\u00f1os nos llegue la noticia de que Netflix se lanza a comprar ViX con todo el cat\u00e1logo de TelevisaUnivision, y entonces se comprender\u00e1 el por qu\u00e9 de mi propuesta.<\/p>\n","protected":false},"author":2,"featured_media":7795,"comment_status":"closed","ping_status":"closed","sticky":false,"template":"","format":"standard","meta":{"_acf_changed":false,"footnotes":""},"categories":[126,80,137,110,125,1],"tags":[],"post_folder":[],"class_list":["post-7837","post","type-post","status-publish","format-standard","has-post-thumbnail","hentry","category-cine","category-jdrc","category-plataformas","category-solo-para-fanaticos","category-television","category-uncategorized"],"acf":[],"_links":{"self":[{"href":"https:\/\/revistapantalla.com\/index.php?rest_route=\/wp\/v2\/posts\/7837","targetHints":{"allow":["GET"]}}],"collection":[{"href":"https:\/\/revistapantalla.com\/index.php?rest_route=\/wp\/v2\/posts"}],"about":[{"href":"https:\/\/revistapantalla.com\/index.php?rest_route=\/wp\/v2\/types\/post"}],"author":[{"embeddable":true,"href":"https:\/\/revistapantalla.com\/index.php?rest_route=\/wp\/v2\/users\/2"}],"replies":[{"embeddable":true,"href":"https:\/\/revistapantalla.com\/index.php?rest_route=%2Fwp%2Fv2%2Fcomments&post=7837"}],"version-history":[{"count":1,"href":"https:\/\/revistapantalla.com\/index.php?rest_route=\/wp\/v2\/posts\/7837\/revisions"}],"predecessor-version":[{"id":7838,"href":"https:\/\/revistapantalla.com\/index.php?rest_route=\/wp\/v2\/posts\/7837\/revisions\/7838"}],"wp:featuredmedia":[{"embeddable":true,"href":"https:\/\/revistapantalla.com\/index.php?rest_route=\/wp\/v2\/media\/7795"}],"wp:attachment":[{"href":"https:\/\/revistapantalla.com\/index.php?rest_route=%2Fwp%2Fv2%2Fmedia&parent=7837"}],"wp:term":[{"taxonomy":"category","embeddable":true,"href":"https:\/\/revistapantalla.com\/index.php?rest_route=%2Fwp%2Fv2%2Fcategories&post=7837"},{"taxonomy":"post_tag","embeddable":true,"href":"https:\/\/revistapantalla.com\/index.php?rest_route=%2Fwp%2Fv2%2Ftags&post=7837"},{"taxonomy":"post_folder","embeddable":true,"href":"https:\/\/revistapantalla.com\/index.php?rest_route=%2Fwp%2Fv2%2Fpost_folder&post=7837"}],"curies":[{"name":"wp","href":"https:\/\/api.w.org\/{rel}","templated":true}]}}