{"id":7731,"date":"2026-03-11T19:56:51","date_gmt":"2026-03-12T01:56:51","guid":{"rendered":"https:\/\/revistapantalla.com\/?p=7731"},"modified":"2026-03-11T19:56:52","modified_gmt":"2026-03-12T01:56:52","slug":"fujifilm-mexico-promueve-camara-fujifilm-x-s20-imagenes-con-detalles-impresionantes-y-colores-vibrantes-graba-video-en-6-2k-30p-y-4k-60p-lo-que-la-convierte-en-una-excelente-opcion-para-videogr","status":"publish","type":"post","link":"https:\/\/revistapantalla.com\/?p=7731","title":{"rendered":"FUJIFILM M\u00e9xico promueve c\u00e1mara Fujifilm X-S20, im\u00e1genes con detalles \u00abimpresionantes y colores vibrantes\u00bb. Graba video en 6.2K\/30p y 4K\/60p, lo que la convierte en una excelente opci\u00f3n para vide\u00f3grafos y vloggers"},"content":{"rendered":"\n<p>RevistaTelemundoCine.com \/ TecnoC\u00e1psulas<\/p>\n\n\n\n<p>Fujifilm M\u00e9xico promueve, vende y da respaldo a equipos de c\u00e1mara, lentes y distintos accesorios que forman parte de la tecnolog\u00eda que busca siempre capturar im\u00e1genes de alto impacto para la audiencia.<br><\/p>\n\n\n\n<p><strong>C\u00e1mara Fujifilm X-S20<\/strong><br><\/p>\n\n\n\n<ul class=\"wp-block-list\">\n<li>Rendimiento y Portabilidad: La c\u00e1mara Fujifilm X-S20 es compacta y ligera, ofrece un rendimiento profesional, ideal para llevarla a todas partes.<br><br><\/li>\n\n\n\n<li>Calidad de imagen: Su sensor X-Trans CMOS 4 de 26.1 MP y el procesador X-Processor 5 capturan im\u00e1genes con detalles impresionantes y colores vibrantes.<br><br><\/li>\n\n\n\n<li>Video de Alta Resoluci\u00f3n: Graba video en 6.2K\/30p y 4K\/60p, lo que la convierte en una excelente opci\u00f3n para vide\u00f3grafos y vloggers.<br><br><\/li>\n\n\n\n<li>Estabilizaci\u00f3n de imagen: Su estabilizador de imagen en el cuerpo de 5 ejes y la estabilizaci\u00f3n \u00f3ptica del lente te permiten tomar fotos n\u00edtidas a mano alzada.<br><br><\/li>\n\n\n\n<li>Lente Vers\u00e1til: El lente XF16-50mm incluido es un zoom est\u00e1ndar con un motor lineal para un autoenfoque r\u00e1pido y silencioso, perfecto para una amplia variedad de situaciones.<br><br><\/li>\n\n\n\n<li>Dise\u00f1o Ergon\u00f3mico: Su empu\u00f1adura profunda y los controles intuitivos brindan una experiencia de disparo c\u00f3moda y segura, perfecta para largas jornadas de trabajo.<br><br><\/li>\n<\/ul>\n\n\n\n<p><a href=\"https:\/\/www.tiendafujifilm.com.mx\/\" target=\"_blank\" rel=\"noreferrer noopener\">FujiFilm M\u00e9xico<\/a>\u00a0es Expositor de la Expo Cine Video Televisi\u00f3n, la Expo de la Revista TelemundoCine \/\u00a0<a href=\"https:\/\/www.revistapantalla.com\/\" target=\"_blank\" rel=\"noreferrer noopener\">RevistaPantalla.com<\/a>\u00a0que se presenta en su Nueva Era \/\u00a0<a href=\"https:\/\/www.expopantalla.com\/\" target=\"_blank\" rel=\"noreferrer noopener\">ExpoPantalla<\/a><br><\/p>\n\n\n\n<p>La XXXIV ExpoPantalla \u2013 2026 abre sus puertas el martes 28 y mi\u00e9rcoles 29 de julio del 2026 en el WTC Ciudad de M\u00e9xico, de 2 de la tarde a 8 de la noche.<br><\/p>\n\n\n\n<p>Aqu\u00ed link directo al Pre-Registro de la <a href=\"https:\/\/www.expopantalla.com\">ExpoPantalla<\/a> 2026<\/p>\n","protected":false},"excerpt":{"rendered":"<p>Lente Vers\u00e1til: El lente XF16-50mm incluido es un zoom est\u00e1ndar con un motor lineal para un autoenfoque r\u00e1pido y silencioso, perfecto para una amplia variedad de situaciones.<\/p>\n","protected":false},"author":2,"featured_media":7713,"comment_status":"closed","ping_status":"closed","sticky":false,"template":"","format":"standard","meta":{"_acf_changed":false,"footnotes":""},"categories":[132,121,101,78,89,110],"tags":[],"post_folder":[],"class_list":["post-7731","post","type-post","status-publish","format-standard","has-post-thumbnail","hentry","category-camaras","category-compra-de-equipo","category-fujifilm-mexico","category-mdetec","category-noticias-de-los-expositores","category-solo-para-fanaticos"],"acf":[],"_links":{"self":[{"href":"https:\/\/revistapantalla.com\/index.php?rest_route=\/wp\/v2\/posts\/7731","targetHints":{"allow":["GET"]}}],"collection":[{"href":"https:\/\/revistapantalla.com\/index.php?rest_route=\/wp\/v2\/posts"}],"about":[{"href":"https:\/\/revistapantalla.com\/index.php?rest_route=\/wp\/v2\/types\/post"}],"author":[{"embeddable":true,"href":"https:\/\/revistapantalla.com\/index.php?rest_route=\/wp\/v2\/users\/2"}],"replies":[{"embeddable":true,"href":"https:\/\/revistapantalla.com\/index.php?rest_route=%2Fwp%2Fv2%2Fcomments&post=7731"}],"version-history":[{"count":1,"href":"https:\/\/revistapantalla.com\/index.php?rest_route=\/wp\/v2\/posts\/7731\/revisions"}],"predecessor-version":[{"id":7732,"href":"https:\/\/revistapantalla.com\/index.php?rest_route=\/wp\/v2\/posts\/7731\/revisions\/7732"}],"wp:featuredmedia":[{"embeddable":true,"href":"https:\/\/revistapantalla.com\/index.php?rest_route=\/wp\/v2\/media\/7713"}],"wp:attachment":[{"href":"https:\/\/revistapantalla.com\/index.php?rest_route=%2Fwp%2Fv2%2Fmedia&parent=7731"}],"wp:term":[{"taxonomy":"category","embeddable":true,"href":"https:\/\/revistapantalla.com\/index.php?rest_route=%2Fwp%2Fv2%2Fcategories&post=7731"},{"taxonomy":"post_tag","embeddable":true,"href":"https:\/\/revistapantalla.com\/index.php?rest_route=%2Fwp%2Fv2%2Ftags&post=7731"},{"taxonomy":"post_folder","embeddable":true,"href":"https:\/\/revistapantalla.com\/index.php?rest_route=%2Fwp%2Fv2%2Fpost_folder&post=7731"}],"curies":[{"name":"wp","href":"https:\/\/api.w.org\/{rel}","templated":true}]}}