{"id":7600,"date":"2026-03-05T18:22:16","date_gmt":"2026-03-06T00:22:16","guid":{"rendered":"https:\/\/revistapantalla.com\/?p=7600"},"modified":"2026-03-05T18:22:37","modified_gmt":"2026-03-06T00:22:37","slug":"video-entrevista-raul-briones-gana-premio-ariel-al-mejor-actor-por-pelicula-la-cocina","status":"publish","type":"post","link":"https:\/\/revistapantalla.com\/?p=7600","title":{"rendered":"VIDEO\/Entrevista Ra\u00fal Briones, gana premio Ariel al Mejor Actor por pel\u00edcula La Cocina"},"content":{"rendered":"\n<p>Por Bernarda Bermeo<br><br><br>Ra\u00fal Briones gana Ariel al Mejor Actor por pel\u00edcula La Cocina, direcci\u00f3n de Alonso Ru\u00edz Palacios.<br><br><\/p>\n\n\n\n<ul class=\"wp-block-list\">\n<li>Ra\u00fal Briones interpreta a un migrante, consigue llevarlo a momentos de intensidad desbordados.<br><br><\/li>\n\n\n\n<li>El p\u00fablico se identifica con su personaje, sus experiencias son duras, muy fuerte.<br><br><\/li>\n\n\n\n<li>Ra\u00fal Briones sabe que los migrantes logran tener esa fuerza que impacta.<br><br><\/li>\n\n\n\n<li>Su personaje Pedro le dio energ\u00eda para levantar su voz con m\u00e1s fuerza.<br><br><\/li>\n\n\n\n<li>Considera que la gente debe vivir en paz, pero si el sistema oprime hay que protestar.<br><\/li>\n<\/ul>\n\n\n\n<p>Aqu\u00ed la video\/entrevista de Jos\u00e9 Antonio Fern\u00e1ndez con Ra\u00fal Briones luego de que recibi\u00f3 el Premio Ariel al Mejor Actor por su pel\u00edcula La Cocina, direcci\u00f3n de Alonso Ruizpalacios.<br><\/p>\n\n\n\n<p><\/p>\n\n\n\n<p><a href=\"https:\/\/www.youtube.com\/watch?v=QO6Xn3NvWGg\">https:\/\/www.youtube.com\/watch?v=QO6Xn3NvWGg<\/a><br><br><\/p>\n\n\n\n<p><\/p>\n","protected":false},"excerpt":{"rendered":"<p>Por Bernarda Bermeo Ra\u00fal Briones gana Ariel al Mejor Actor por pel\u00edcula La Cocina, direcci\u00f3n de Alonso Ru\u00edz Palacios. Aqu\u00ed la video\/entrevista de Jos\u00e9 Antonio Fern\u00e1ndez con Ra\u00fal Briones luego de que recibi\u00f3 el Premio Ariel al Mejor Actor por su pel\u00edcula La Cocina, direcci\u00f3n de Alonso Ruizpalacios. https:\/\/www.youtube.com\/watch?v=QO6Xn3NvWGg<\/p>\n","protected":false},"author":2,"featured_media":0,"comment_status":"closed","ping_status":"closed","sticky":false,"template":"","format":"standard","meta":{"_acf_changed":false,"footnotes":""},"categories":[1],"tags":[],"post_folder":[],"class_list":["post-7600","post","type-post","status-publish","format-standard","hentry","category-uncategorized"],"acf":[],"_links":{"self":[{"href":"https:\/\/revistapantalla.com\/index.php?rest_route=\/wp\/v2\/posts\/7600","targetHints":{"allow":["GET"]}}],"collection":[{"href":"https:\/\/revistapantalla.com\/index.php?rest_route=\/wp\/v2\/posts"}],"about":[{"href":"https:\/\/revistapantalla.com\/index.php?rest_route=\/wp\/v2\/types\/post"}],"author":[{"embeddable":true,"href":"https:\/\/revistapantalla.com\/index.php?rest_route=\/wp\/v2\/users\/2"}],"replies":[{"embeddable":true,"href":"https:\/\/revistapantalla.com\/index.php?rest_route=%2Fwp%2Fv2%2Fcomments&post=7600"}],"version-history":[{"count":2,"href":"https:\/\/revistapantalla.com\/index.php?rest_route=\/wp\/v2\/posts\/7600\/revisions"}],"predecessor-version":[{"id":7603,"href":"https:\/\/revistapantalla.com\/index.php?rest_route=\/wp\/v2\/posts\/7600\/revisions\/7603"}],"wp:attachment":[{"href":"https:\/\/revistapantalla.com\/index.php?rest_route=%2Fwp%2Fv2%2Fmedia&parent=7600"}],"wp:term":[{"taxonomy":"category","embeddable":true,"href":"https:\/\/revistapantalla.com\/index.php?rest_route=%2Fwp%2Fv2%2Fcategories&post=7600"},{"taxonomy":"post_tag","embeddable":true,"href":"https:\/\/revistapantalla.com\/index.php?rest_route=%2Fwp%2Fv2%2Ftags&post=7600"},{"taxonomy":"post_folder","embeddable":true,"href":"https:\/\/revistapantalla.com\/index.php?rest_route=%2Fwp%2Fv2%2Fpost_folder&post=7600"}],"curies":[{"name":"wp","href":"https:\/\/api.w.org\/{rel}","templated":true}]}}