{"id":6663,"date":"2026-01-29T14:21:07","date_gmt":"2026-01-29T20:21:07","guid":{"rendered":"https:\/\/revistapantalla.com\/?p=6663"},"modified":"2026-01-29T14:23:25","modified_gmt":"2026-01-29T20:23:25","slug":"inscripciones-abiertas-al-festival-pantalla-de-cristal-premios-especiales-para-la-red-mexico-atei-9-del-30-de-enero-2026","status":"publish","type":"post","link":"https:\/\/revistapantalla.com\/?p=6663","title":{"rendered":"INSCRIPCIONES abiertas al Festival Pantalla de Cristal, Premios Especiales para la RED M\u00e9xico \/ ATEI 9 del 30 de enero 2026. Aqu\u00ed link a la Ficha de Inscripci\u00f3n"},"content":{"rendered":"\n<p>Del 9 al 30 de enero del 2026, Inscripciones abiertas al Festival Pantalla de Cristal \/ Premios Especiales para la RED M\u00e9xico de M\u00e9dios P\u00fablicos \/ ATEI. Aqu\u00ed la Convocatoria con las Categor\u00edas de Competencia.<br><\/p>\n\n\n\n<ul class=\"wp-block-list\">\n<li>Podr\u00e1n participar en todas las categor\u00edas, producciones realizadas por Miembros Activos de la Red M\u00e9xico de Medios P\u00fablicos y de ATEI \/ Asociaci\u00f3n de las Televisiones Educativas y Culturales Iberoamericanas Inscripciones abiertas del 9 al 30 de enero 2026.<br><br><\/li>\n\n\n\n<li>Aqu\u00ed el link para conocer la <a href=\"https:\/\/revistapantalla.com\/?p=5787\">Convocatoria<\/a> con Todas las Categor\u00edas de Competencia. <br><br><\/li>\n\n\n\n<li>Aqu\u00ed el link directo a la <a href=\"https:\/\/revistapantalla.com\/?page_id=5989\">Ficha de Inscripci\u00f3n<\/a>. <br><br><\/li>\n\n\n\n<li>Aqu\u00ed algunas Categor\u00edas: <br><br><br>&#8211; C\u00e1pulas para Eradicar la Violencia contra las Mujeres y Nueva Era de Convivencia sin bullyng<br><br><br>&#8211; C\u00e1psulas de Divulgaci\u00f3n Cultural<br><br><br>&#8211; C\u00e1psulas de Divulgaci\u00f3n Cient\u00edfica<br><br><br>&#8211; Logo de Medio P\u00fablico<br><br><br>&#8211; Tema Musical de Medio P\u00fablico<br><br><br><\/li>\n<\/ul>\n\n\n\n<p>\u00a1Bienvenidos<\/p>\n","protected":false},"excerpt":{"rendered":"<p>Del 9 al 30 de enero del 2026, Inscripciones abiertas al Festival Pantalla de Cristal \/ Premios Especiales para la RED M\u00e9xico de M\u00e9dios P\u00fablicos \/ ATEI. Aqu\u00ed la Convocatoria con las Categor\u00edas de Competencia. \u00a1Bienvenidos<\/p>\n","protected":false},"author":2,"featured_media":0,"comment_status":"closed","ping_status":"closed","sticky":false,"template":"","format":"standard","meta":{"_acf_changed":false,"footnotes":""},"categories":[80,128,110,125,1],"tags":[],"post_folder":[],"class_list":["post-6663","post","type-post","status-publish","format-standard","hentry","category-jdrc","category-noticias-de-nominados-festival","category-solo-para-fanaticos","category-television","category-uncategorized"],"acf":[],"_links":{"self":[{"href":"https:\/\/revistapantalla.com\/index.php?rest_route=\/wp\/v2\/posts\/6663","targetHints":{"allow":["GET"]}}],"collection":[{"href":"https:\/\/revistapantalla.com\/index.php?rest_route=\/wp\/v2\/posts"}],"about":[{"href":"https:\/\/revistapantalla.com\/index.php?rest_route=\/wp\/v2\/types\/post"}],"author":[{"embeddable":true,"href":"https:\/\/revistapantalla.com\/index.php?rest_route=\/wp\/v2\/users\/2"}],"replies":[{"embeddable":true,"href":"https:\/\/revistapantalla.com\/index.php?rest_route=%2Fwp%2Fv2%2Fcomments&post=6663"}],"version-history":[{"count":2,"href":"https:\/\/revistapantalla.com\/index.php?rest_route=\/wp\/v2\/posts\/6663\/revisions"}],"predecessor-version":[{"id":6666,"href":"https:\/\/revistapantalla.com\/index.php?rest_route=\/wp\/v2\/posts\/6663\/revisions\/6666"}],"wp:attachment":[{"href":"https:\/\/revistapantalla.com\/index.php?rest_route=%2Fwp%2Fv2%2Fmedia&parent=6663"}],"wp:term":[{"taxonomy":"category","embeddable":true,"href":"https:\/\/revistapantalla.com\/index.php?rest_route=%2Fwp%2Fv2%2Fcategories&post=6663"},{"taxonomy":"post_tag","embeddable":true,"href":"https:\/\/revistapantalla.com\/index.php?rest_route=%2Fwp%2Fv2%2Ftags&post=6663"},{"taxonomy":"post_folder","embeddable":true,"href":"https:\/\/revistapantalla.com\/index.php?rest_route=%2Fwp%2Fv2%2Fpost_folder&post=6663"}],"curies":[{"name":"wp","href":"https:\/\/api.w.org\/{rel}","templated":true}]}}