{"id":6497,"date":"2026-01-25T22:06:00","date_gmt":"2026-01-26T04:06:00","guid":{"rendered":"https:\/\/revistapantalla.com\/?p=6497"},"modified":"2026-01-25T22:17:35","modified_gmt":"2026-01-26T04:17:35","slug":"links-directos-a-convocatoria-y-ficha-de-inscripcion-del-festival-pantalla-de-cristal-pemios-especiales-para-la-red-mexico-de-medios-publicos-atei-televisoras-iberoamericana-fechas-de-inscripcion","status":"publish","type":"post","link":"https:\/\/revistapantalla.com\/?p=6497","title":{"rendered":"LINKS directos a Convocatoria y Ficha de Inscripci\u00f3n del Festival Pantalla de Cristal, Pemios Especiales para la RED M\u00e9xico de Medios P\u00fablicos \/ ATEI Televisoras Iberoamericana. Fechas de Inscripci\u00f3n: del 9 al 31 de enero 2026. \u00a1Bienvenid@s!"},"content":{"rendered":"\n<p>Aqu\u00ed<\/p>\n\n\n\n<p>Del 9 al 30 de enero del 2026, Inscripciones abiertas al Festival Pantalla de Cristal \/ Premios Especiales para la RED M\u00e9xico de M\u00e9dios P\u00fablicos \/ ATEI. Aqu\u00ed la Convocatoria con las Categor\u00edas de Competencia<\/p>\n\n\n\n<ul class=\"wp-block-list\">\n<li>Podr\u00e1n participar en todas las categor\u00edas, producciones realizadas por Miembros Activos de la Red M\u00e9xico de Medios P\u00fablicos y de ATEI \/ Asociaci\u00f3n de las Televisiones Educativas y Culturales Iberoamericanas Inscripciones abiertas del 9 al 30 de enero 2026<\/li>\n\n\n\n<li>Aqu\u00ed el link para conocer la\u00a0<a href=\"https:\/\/revistapantalla.com\/?p=5787\">Convocatoria<\/a>\u00a0con Todas las Categor\u00edas de Competencia.<\/li>\n\n\n\n<li>Aqu\u00ed el link directo a la\u00a0<a href=\"https:\/\/revistapantalla.com\/?page_id=5989\">Ficha de Inscripci\u00f3n<\/a>.<\/li>\n\n\n\n<li>Aqu\u00ed algunas Categor\u00edas:<br><br><br>\u2013 C\u00e1pulas para Eradicar la Violencia contra las Mujeres y Nueva Era de Convivencia sin bullyng<br><br><br>\u2013 C\u00e1psulas de Divulgaci\u00f3n Cultural<br><br><br>\u2013 C\u00e1psulas de Divulgaci\u00f3n Cient\u00edfica<br><br><br>\u2013 Logo de Medio P\u00fablico<br><br><br>\u2013 Tema Musical de Medio P\u00fablico<br><br><br>&#8211; Formato de Programa de Opini\u00f3n<br><br><br>&#8211; Campa\u00f1a de Promoci\u00f3n de Canal de Televisi\u00f3n \/<br>Imagen-Identidad de Canal<br><br><\/li>\n\n\n\n<li>Campa\u00f1a de Promoci\u00f3n de Programa de Televisi\u00f3n<br><br><\/li>\n\n\n\n<li>Campa\u00f1a de Promoci\u00f3n de Evento y\/o Transmisi\u00f3n<br>Especial de Televisi\u00f3n<br><br><\/li>\n\n\n\n<li>Formato Original de Programa de Opini\u00f3n de Televisi\u00f3n<br><br><\/li>\n\n\n\n<li>Formato Original de Programa de Entrevista de Televisi\u00f3n<br><br><\/li>\n\n\n\n<li>Formato Original de Programa de Entretenimiento<br>de Televisi\u00f3n<br><br><\/li>\n<\/ul>\n\n\n\n<p>\u00a1Bienvenid@s!<\/p>\n","protected":false},"excerpt":{"rendered":"<p>Ejemplos de Categor\u00edas: C\u00e1pulas para Eradicar la Violencia contra las Mujeres y Nueva Era de Convivencia sin bullyng, C\u00e1psulas de Divulgaci\u00f3n Cultural,<br \/>\nC\u00e1psulas de Divulgaci\u00f3n Cient\u00edfica&#8230;<\/p>\n","protected":false},"author":2,"featured_media":6488,"comment_status":"closed","ping_status":"closed","sticky":false,"template":"","format":"standard","meta":{"_acf_changed":false,"footnotes":""},"categories":[128,62,110,125,1],"tags":[],"post_folder":[],"class_list":["post-6497","post","type-post","status-publish","format-standard","has-post-thumbnail","hentry","category-noticias-de-nominados-festival","category-semanario-pantalla","category-solo-para-fanaticos","category-television","category-uncategorized"],"acf":[],"_links":{"self":[{"href":"https:\/\/revistapantalla.com\/index.php?rest_route=\/wp\/v2\/posts\/6497","targetHints":{"allow":["GET"]}}],"collection":[{"href":"https:\/\/revistapantalla.com\/index.php?rest_route=\/wp\/v2\/posts"}],"about":[{"href":"https:\/\/revistapantalla.com\/index.php?rest_route=\/wp\/v2\/types\/post"}],"author":[{"embeddable":true,"href":"https:\/\/revistapantalla.com\/index.php?rest_route=\/wp\/v2\/users\/2"}],"replies":[{"embeddable":true,"href":"https:\/\/revistapantalla.com\/index.php?rest_route=%2Fwp%2Fv2%2Fcomments&post=6497"}],"version-history":[{"count":1,"href":"https:\/\/revistapantalla.com\/index.php?rest_route=\/wp\/v2\/posts\/6497\/revisions"}],"predecessor-version":[{"id":6498,"href":"https:\/\/revistapantalla.com\/index.php?rest_route=\/wp\/v2\/posts\/6497\/revisions\/6498"}],"wp:featuredmedia":[{"embeddable":true,"href":"https:\/\/revistapantalla.com\/index.php?rest_route=\/wp\/v2\/media\/6488"}],"wp:attachment":[{"href":"https:\/\/revistapantalla.com\/index.php?rest_route=%2Fwp%2Fv2%2Fmedia&parent=6497"}],"wp:term":[{"taxonomy":"category","embeddable":true,"href":"https:\/\/revistapantalla.com\/index.php?rest_route=%2Fwp%2Fv2%2Fcategories&post=6497"},{"taxonomy":"post_tag","embeddable":true,"href":"https:\/\/revistapantalla.com\/index.php?rest_route=%2Fwp%2Fv2%2Ftags&post=6497"},{"taxonomy":"post_folder","embeddable":true,"href":"https:\/\/revistapantalla.com\/index.php?rest_route=%2Fwp%2Fv2%2Fpost_folder&post=6497"}],"curies":[{"name":"wp","href":"https:\/\/api.w.org\/{rel}","templated":true}]}}