{"id":6495,"date":"2026-01-25T21:57:32","date_gmt":"2026-01-26T03:57:32","guid":{"rendered":"https:\/\/revistapantalla.com\/?p=6495"},"modified":"2026-01-25T23:39:25","modified_gmt":"2026-01-26T05:39:25","slug":"aqui-las-listas-completas-de-ganadores-nominados-finalistas-premios-especiales-y-menciones-del-xxvii-festival-pantalla-de-cristal-todas-las-categorias","status":"publish","type":"post","link":"https:\/\/revistapantalla.com\/?p=6495","title":{"rendered":"AQU\u00cd las Listas Completas de Ganadores, Nominados Finalistas, Premios Especiales y Menciones del XXVII Festival Pantalla de Cristal, todas las Categor\u00edas"},"content":{"rendered":"\n<p><br>El Festival Pantalla de Cristal es el Gran Punto de Encuentro de la comunidad audiovisual de M\u00e9xico y ahora tambi\u00e9n de Iberoam\u00e9rica. <br><br>Es el \u00fanico Festival en M\u00e9xico que convoca a 8 categor\u00edas en competencia, m\u00e1s una porque premiamos tambi\u00e9n la categor\u00eda Mediometrajes en la categor\u00eda Pel\u00edculas.<\/p>\n\n\n\n<p>Aqu\u00ed los links para consultar los Ganadores y Nominados Finalistas de cada una de las categor\u00edas del XXVII Festival Pantalla de Cristal. 2025 <br><br>La Ceremonia de Premiaci\u00f3n se llev\u00f3 a cabo el lunes 19 de enero de 2026, a las seis de la tarde, en la Sala 2 de la Cineteca Nacional.<\/p>\n\n\n\n<ul class=\"wp-block-list\">\n<li>Ganadores y <a href=\"https:\/\/revistapantalla.com\/?p=4384\">Nominados Finalistas XXVII Festival Pantalla de Cristal \/ Categor\u00eda Pel\u00edculas <br><\/a><\/li>\n\n\n\n<li>Ganadores y <a href=\"https:\/\/revistapantalla.com\/?p=4716\">Nominados Finalistas XXVII Festival Pantalla de Cristal \/ Categor\u00eda Series de Ficci\u00f3n<\/a><br><\/li>\n\n\n\n<li>Ganadores y <a href=\"https:\/\/revistapantalla.com\/?p=4381\">Nominados Finalistas XXVII Festival Pantalla de Cristal \/ Categor\u00eda Cortos de Ficci\u00f3n<br><\/a><\/li>\n\n\n\n<li>Ganadores y <a href=\"https:\/\/revistapantalla.com\/?p=4776\">Nominados Finalistas XXVII Festival Pantalla de Cristal \/ Categor\u00eda Documentales<\/a><br><\/li>\n\n\n\n<li>Ganadores y <a href=\"https:\/\/revistapantalla.com\/?p=4416\">Nominados Finalistas XXVII<\/a> Festival Pantalla de Cristal \/ Categor\u00eda Reportajes <a href=\"https:\/\/revistapantalla.com\/?p=4776\"><br><\/a><\/li>\n\n\n\n<li>Ganadores y <a href=\"https:\/\/revistapantalla.com\/?p=4433\">Nominados Finalistas XXVII Festival Pantalla de Cristal \/ Categor\u00eda Anuncios de Televisi\u00f3n &#8211; Internet<br><\/a><\/li>\n\n\n\n<li>Ganadores y <a href=\"https:\/\/revistapantalla.com\/?p=4623\">Nominados Finalistas XXVII Festival Pantalla de Cristal \/ C<\/a>ategor\u00eda Videoclips<a href=\"https:\/\/revistapantalla.com\/?p=4643\"><br><\/a><\/li>\n\n\n\n<li>Ganadores y <a href=\"https:\/\/revistapantalla.com\/?p=4643\">Nominados Finalistas XXVII Festival Pantalla de Cristal \/ Categor\u00eda Corporativos &#8211; Institucionales<br><br><br><\/a><\/li>\n<\/ul>\n\n\n\n<p>Nuestro Reconocimiento a tod@s los Nominad@s Finalistas y Ganadores del XXVII Festival Pantalla de Cristal. <br><br><br>\u00a1Bravo!<\/p>\n","protected":false},"excerpt":{"rendered":"<p>Es el \u00fanico Festival en M\u00e9xico que convoca a 8 categor\u00edas en competencia, m\u00e1s una porque premiamos tambi\u00e9n la categor\u00eda Mediometrajes en la categor\u00eda Pel\u00edculas<\/p>\n","protected":false},"author":2,"featured_media":6522,"comment_status":"closed","ping_status":"closed","sticky":false,"template":"","format":"standard","meta":{"_acf_changed":false,"footnotes":""},"categories":[126,128,62,110],"tags":[],"post_folder":[],"class_list":["post-6495","post","type-post","status-publish","format-standard","has-post-thumbnail","hentry","category-cine","category-noticias-de-nominados-festival","category-semanario-pantalla","category-solo-para-fanaticos"],"acf":[],"_links":{"self":[{"href":"https:\/\/revistapantalla.com\/index.php?rest_route=\/wp\/v2\/posts\/6495","targetHints":{"allow":["GET"]}}],"collection":[{"href":"https:\/\/revistapantalla.com\/index.php?rest_route=\/wp\/v2\/posts"}],"about":[{"href":"https:\/\/revistapantalla.com\/index.php?rest_route=\/wp\/v2\/types\/post"}],"author":[{"embeddable":true,"href":"https:\/\/revistapantalla.com\/index.php?rest_route=\/wp\/v2\/users\/2"}],"replies":[{"embeddable":true,"href":"https:\/\/revistapantalla.com\/index.php?rest_route=%2Fwp%2Fv2%2Fcomments&post=6495"}],"version-history":[{"count":1,"href":"https:\/\/revistapantalla.com\/index.php?rest_route=\/wp\/v2\/posts\/6495\/revisions"}],"predecessor-version":[{"id":6496,"href":"https:\/\/revistapantalla.com\/index.php?rest_route=\/wp\/v2\/posts\/6495\/revisions\/6496"}],"wp:featuredmedia":[{"embeddable":true,"href":"https:\/\/revistapantalla.com\/index.php?rest_route=\/wp\/v2\/media\/6522"}],"wp:attachment":[{"href":"https:\/\/revistapantalla.com\/index.php?rest_route=%2Fwp%2Fv2%2Fmedia&parent=6495"}],"wp:term":[{"taxonomy":"category","embeddable":true,"href":"https:\/\/revistapantalla.com\/index.php?rest_route=%2Fwp%2Fv2%2Fcategories&post=6495"},{"taxonomy":"post_tag","embeddable":true,"href":"https:\/\/revistapantalla.com\/index.php?rest_route=%2Fwp%2Fv2%2Ftags&post=6495"},{"taxonomy":"post_folder","embeddable":true,"href":"https:\/\/revistapantalla.com\/index.php?rest_route=%2Fwp%2Fv2%2Fpost_folder&post=6495"}],"curies":[{"name":"wp","href":"https:\/\/api.w.org\/{rel}","templated":true}]}}