{"id":6099,"date":"2026-01-14T21:52:05","date_gmt":"2026-01-15T03:52:05","guid":{"rendered":"https:\/\/revistapantalla.com\/?p=6099"},"modified":"2026-01-14T22:48:07","modified_gmt":"2026-01-15T04:48:07","slug":"amtec-promueve-lentes-zeiss-otus-ml-disenados-para-quienes-buscan-la-maxima-calidad","status":"publish","type":"post","link":"https:\/\/revistapantalla.com\/?p=6099","title":{"rendered":"AMTEC promueve lentes ZEISS Otus ML, dise\u00f1ados para quienes buscan la m\u00e1xima calidad"},"content":{"rendered":"\n<p>RevistaTelemundoCine.com \/ TecnoC\u00e1psulas<\/p>\n\n\n\n<p>La compa\u00f1\u00eda Amtec, que dirige Andr\u00e9s Mart\u00ednez-R\u00edos, promueve una muy amplia l\u00ednea de productos de marcas muy reconocidas, como ARRI, Ikegami, Aputure, Harmonic, Canon, Blackmagic y Zeiss, Sennheiser y DPA, entre otras.<\/p>\n\n\n\n<p class=\"has-vivid-red-color has-text-color has-link-color has-medium-font-size wp-elements-d5588b488558a7a66984d59df6f262b0\"><strong>ZEISS Otus ML<\/strong><\/p>\n\n\n\n<ul class=\"wp-block-list\">\n<li>Descubre la nueva era de la excelencia \u00f3ptica con la familia ZEISS Otus ML<\/li>\n<\/ul>\n\n\n\n<ul class=\"wp-block-list\">\n<li>Inspirados en la legendaria serie Otus, estos lentes redefinen la fotograf\u00eda para c\u00e1maras sin espejo<\/li>\n<\/ul>\n\n\n\n<ul class=\"wp-block-list\">\n<li>Ofrecen precisi\u00f3n absoluta, detalles incomparables y una experiencia inigualable en cada toma.<\/li>\n<\/ul>\n\n\n\n<ul class=\"wp-block-list\">\n<li>Dise\u00f1ados para quienes buscan la m\u00e1xima calidad<\/li>\n<\/ul>\n\n\n\n<ul class=\"wp-block-list\">\n<li>Los Otus ML 1.4\/50mm y Otus ML 1.4\/85mm combinan la artesan\u00eda de ZEISS con un rendimiento sin concesiones<\/li>\n<\/ul>\n\n\n\n<ul class=\"wp-block-list\">\n<li>Eleva tu creatividad y captura cada momento con perfecci\u00f3n absoluta.<\/li>\n<\/ul>\n\n\n\n<p><a href=\"https:\/\/www.amtec.com.mx\">Amtec <\/a>es Expositor de la Expo Cine Video Televisi\u00f3n, la Expo de la Revista TelemundoCine \/ <a href=\"https:\/\/www.revistapantalla.com\">RevistaPantalla.com<\/a> que se presenta en su Nueva Era \/ <a href=\"https:\/\/www.expopantalla.com\">ExpoPantalla<\/a>.<\/p>\n","protected":false},"excerpt":{"rendered":"<p>RevistaTelemundoCine.com \/ TecnoC\u00e1psulas La compa\u00f1\u00eda Amtec, que dirige Andr\u00e9s Mart\u00ednez-R\u00edos, promueve una muy amplia l\u00ednea de productos de marcas muy reconocidas, como ARRI, Ikegami, Aputure, Harmonic, Canon, Blackmagic y Zeiss, Sennheiser y DPA, entre otras. ZEISS Otus ML Amtec es Expositor de la Expo Cine Video Televisi\u00f3n, la Expo de la Revista TelemundoCine \/ RevistaPantalla.com [&hellip;]<\/p>\n","protected":false},"author":2,"featured_media":5316,"comment_status":"closed","ping_status":"closed","sticky":false,"template":"","format":"standard","meta":{"_acf_changed":false,"footnotes":""},"categories":[64,132,121,78,89,110],"tags":[],"post_folder":[],"class_list":["post-6099","post","type-post","status-publish","format-standard","has-post-thumbnail","hentry","category-amtec","category-camaras","category-compra-de-equipo","category-mdetec","category-noticias-de-los-expositores","category-solo-para-fanaticos"],"acf":[],"_links":{"self":[{"href":"https:\/\/revistapantalla.com\/index.php?rest_route=\/wp\/v2\/posts\/6099","targetHints":{"allow":["GET"]}}],"collection":[{"href":"https:\/\/revistapantalla.com\/index.php?rest_route=\/wp\/v2\/posts"}],"about":[{"href":"https:\/\/revistapantalla.com\/index.php?rest_route=\/wp\/v2\/types\/post"}],"author":[{"embeddable":true,"href":"https:\/\/revistapantalla.com\/index.php?rest_route=\/wp\/v2\/users\/2"}],"replies":[{"embeddable":true,"href":"https:\/\/revistapantalla.com\/index.php?rest_route=%2Fwp%2Fv2%2Fcomments&post=6099"}],"version-history":[{"count":1,"href":"https:\/\/revistapantalla.com\/index.php?rest_route=\/wp\/v2\/posts\/6099\/revisions"}],"predecessor-version":[{"id":6100,"href":"https:\/\/revistapantalla.com\/index.php?rest_route=\/wp\/v2\/posts\/6099\/revisions\/6100"}],"wp:featuredmedia":[{"embeddable":true,"href":"https:\/\/revistapantalla.com\/index.php?rest_route=\/wp\/v2\/media\/5316"}],"wp:attachment":[{"href":"https:\/\/revistapantalla.com\/index.php?rest_route=%2Fwp%2Fv2%2Fmedia&parent=6099"}],"wp:term":[{"taxonomy":"category","embeddable":true,"href":"https:\/\/revistapantalla.com\/index.php?rest_route=%2Fwp%2Fv2%2Fcategories&post=6099"},{"taxonomy":"post_tag","embeddable":true,"href":"https:\/\/revistapantalla.com\/index.php?rest_route=%2Fwp%2Fv2%2Ftags&post=6099"},{"taxonomy":"post_folder","embeddable":true,"href":"https:\/\/revistapantalla.com\/index.php?rest_route=%2Fwp%2Fv2%2Fpost_folder&post=6099"}],"curies":[{"name":"wp","href":"https:\/\/api.w.org\/{rel}","templated":true}]}}