{"id":6052,"date":"2026-01-11T23:16:50","date_gmt":"2026-01-12T05:16:50","guid":{"rendered":"https:\/\/revistapantalla.com\/?p=6052"},"modified":"2026-01-12T19:40:46","modified_gmt":"2026-01-13T01:40:46","slug":"pelicula-jorge-cuchi-debe-ser-vista-por-toda-la-comunidad-audiovisual-para-comprender-lo-que-es-el-abuso","status":"publish","type":"post","link":"https:\/\/revistapantalla.com\/?p=6052","title":{"rendered":"PEL\u00cdCULA Un actor malo de Jorge Cuch\u00ed debe ser vista por toda la comunidad audiovisual para comprender lo que es el abuso y la violencia contra las mujeres en el set"},"content":{"rendered":"\n<p>Por Jos\u00e9 Antonio Fern\u00e1ndez<\/p>\n\n\n\n<p>Jorge Cuch\u00ed lleva a la pantalla una historia contempor\u00e1nea en su pel\u00edcula Un Actor Malo, coloca al espectador en una situaci\u00f3n emocional extrema. <br><\/p>\n\n\n\n<ul class=\"wp-block-list\">\n<li>Obliga a meditar, a reflexionar el c\u00f3mo es hoy la sociedad. Y hay muchas preguntas que pone sobre la mesa. Una es muy importante: \u00bfc\u00f3mo debe tratar el sistema a una mujer que es v\u00edctima de violencia? La respuesta: con todos los cuidados posibles y m\u00e1s, son necesarios, indispensables. Y por supuesto, la justicia se debe hacer presente.<\/li>\n<\/ul>\n\n\n\n<ul class=\"wp-block-list\">\n<li>Cuch\u00ed tambi\u00e9n narra en su cinta Un Actor Malo, c\u00f3mo nace y crece hasta el descon- trol un linchamiento medi\u00e1tico extremo, que de forma rap\u00eddisima evoluciona hasta el linchamiento f\u00edsico real. Obliga a que la audiencia se pregunte si la justicia por propia mano de manera violenta es justificable (lo que sin duda, no debe suceder).<\/li>\n<\/ul>\n\n\n\n<ul class=\"wp-block-list\">\n<li>Actrices, actores, productores y directores est\u00e1n obligados a ver Un Actor Malo, al igual que en las carreras de Comunicaci\u00f3n y escuelas de cine. Vale recordar que d\u00e9cadas antes, en 1953, adelantado a su \u00e9poca, Ismael Rodr\u00edguez se enfoc\u00f3 tambi\u00e9n en el tema del abuso contra la mujer en su pel\u00edcula Dos Tipos de Cuidado. Ambas cintas tratan de despertar conciencias y erradicar la violencia contra las mujeres<\/li>\n<\/ul>\n","protected":false},"excerpt":{"rendered":"<p>Obliga a meditar, a reflexionar el c\u00f3mo es hoy la sociedad.<\/p>\n","protected":false},"author":2,"featured_media":5435,"comment_status":"closed","ping_status":"closed","sticky":false,"template":"","format":"standard","meta":{"_acf_changed":false,"footnotes":""},"categories":[62,110],"tags":[],"post_folder":[],"class_list":["post-6052","post","type-post","status-publish","format-standard","has-post-thumbnail","hentry","category-semanario-pantalla","category-solo-para-fanaticos"],"acf":[],"_links":{"self":[{"href":"https:\/\/revistapantalla.com\/index.php?rest_route=\/wp\/v2\/posts\/6052","targetHints":{"allow":["GET"]}}],"collection":[{"href":"https:\/\/revistapantalla.com\/index.php?rest_route=\/wp\/v2\/posts"}],"about":[{"href":"https:\/\/revistapantalla.com\/index.php?rest_route=\/wp\/v2\/types\/post"}],"author":[{"embeddable":true,"href":"https:\/\/revistapantalla.com\/index.php?rest_route=\/wp\/v2\/users\/2"}],"replies":[{"embeddable":true,"href":"https:\/\/revistapantalla.com\/index.php?rest_route=%2Fwp%2Fv2%2Fcomments&post=6052"}],"version-history":[{"count":2,"href":"https:\/\/revistapantalla.com\/index.php?rest_route=\/wp\/v2\/posts\/6052\/revisions"}],"predecessor-version":[{"id":6057,"href":"https:\/\/revistapantalla.com\/index.php?rest_route=\/wp\/v2\/posts\/6052\/revisions\/6057"}],"wp:featuredmedia":[{"embeddable":true,"href":"https:\/\/revistapantalla.com\/index.php?rest_route=\/wp\/v2\/media\/5435"}],"wp:attachment":[{"href":"https:\/\/revistapantalla.com\/index.php?rest_route=%2Fwp%2Fv2%2Fmedia&parent=6052"}],"wp:term":[{"taxonomy":"category","embeddable":true,"href":"https:\/\/revistapantalla.com\/index.php?rest_route=%2Fwp%2Fv2%2Fcategories&post=6052"},{"taxonomy":"post_tag","embeddable":true,"href":"https:\/\/revistapantalla.com\/index.php?rest_route=%2Fwp%2Fv2%2Ftags&post=6052"},{"taxonomy":"post_folder","embeddable":true,"href":"https:\/\/revistapantalla.com\/index.php?rest_route=%2Fwp%2Fv2%2Fpost_folder&post=6052"}],"curies":[{"name":"wp","href":"https:\/\/api.w.org\/{rel}","templated":true}]}}