{"id":6042,"date":"2026-01-11T22:55:46","date_gmt":"2026-01-12T04:55:46","guid":{"rendered":"https:\/\/revistapantalla.com\/?p=6042"},"modified":"2026-01-14T14:17:30","modified_gmt":"2026-01-14T20:17:30","slug":"fujifilm-mexico-presenta-la-nueva-camara-fujifilm-eterna-sensor-1-7-veces-mas-grande-que-full-frame-2","status":"publish","type":"post","link":"https:\/\/revistapantalla.com\/?p=6042","title":{"rendered":"FUJIFILM M\u00e9xico presenta la nueva c\u00e1mara Fujifilm Eterna, sensor 1.7 veces m\u00e1s grande que Full Frame"},"content":{"rendered":"\n<p>La compa\u00f1\u00eda Fujifilm M\u00e9xico distribuye toda la l\u00ednea de c\u00e1maras Fujifilm, los lentes Fujinon Premista y tambi\u00e9n la familia de lentes Sigma.<\/p>\n\n\n\n<p class=\"has-vivid-red-color has-text-color has-link-color has-medium-font-size wp-elements-d58584ccb262c97628afa9a9e0d187e4\"><strong>FUJIFILM M\u00e9xico presenta la nueva c\u00e1mara Fujifilm Eterna<\/strong><\/p>\n\n\n\n<ul class=\"wp-block-list\">\n<li>Cuenta con el mismo display de controles a ambos lados de la c\u00e1mara, est\u00e1 pensada para facilitar las producciones con el m\u00e1s alto nivel.<br><\/li>\n\n\n\n<li>Sensor 1.7 veces m\u00e1s grande que Full Frame<\/li>\n<\/ul>\n\n\n\n<ul class=\"wp-block-list\">\n<li>Perillas de ajuste ergon\u00f3micas configurables para controlar lentes y filtros ND<br><\/li>\n\n\n\n<li>C\u00e1mara de formato medio<br><br>&#8211; Est\u00e9tica que no se ha visto en ninguna otra c\u00e1mara<br><br>\u2013 Permite trabajar con lentes esf\u00e9ricos y anam\u00f3rficos<br><br>\u2013 Fujifilm tiene la experiencia desde hace m\u00e1s de un Siglo<\/li>\n<\/ul>\n\n\n\n<p>Aqu\u00ed el video con la explicaci\u00f3n a detalle de Esteban Umana, Gerente de Fujifilm M\u00e9xico.<\/p>\n","protected":false},"excerpt":{"rendered":"<p>La compa\u00f1\u00eda Fujifilm M\u00e9xico distribuye toda la l\u00ednea de c\u00e1maras Fujifilm, los lentes Fujinon Premista y tambi\u00e9n la familia de lentes Sigma. FUJIFILM M\u00e9xico presenta la nueva c\u00e1mara Fujifilm Eterna Aqu\u00ed el video con la explicaci\u00f3n a detalle de Esteban Umana, Gerente de Fujifilm M\u00e9xico.<\/p>\n","protected":false},"author":2,"featured_media":5334,"comment_status":"closed","ping_status":"closed","sticky":false,"template":"","format":"standard","meta":{"_acf_changed":false,"footnotes":""},"categories":[101,89,62,110],"tags":[],"post_folder":[],"class_list":["post-6042","post","type-post","status-publish","format-standard","has-post-thumbnail","hentry","category-fujifilm-mexico","category-noticias-de-los-expositores","category-semanario-pantalla","category-solo-para-fanaticos"],"acf":[],"_links":{"self":[{"href":"https:\/\/revistapantalla.com\/index.php?rest_route=\/wp\/v2\/posts\/6042","targetHints":{"allow":["GET"]}}],"collection":[{"href":"https:\/\/revistapantalla.com\/index.php?rest_route=\/wp\/v2\/posts"}],"about":[{"href":"https:\/\/revistapantalla.com\/index.php?rest_route=\/wp\/v2\/types\/post"}],"author":[{"embeddable":true,"href":"https:\/\/revistapantalla.com\/index.php?rest_route=\/wp\/v2\/users\/2"}],"replies":[{"embeddable":true,"href":"https:\/\/revistapantalla.com\/index.php?rest_route=%2Fwp%2Fv2%2Fcomments&post=6042"}],"version-history":[{"count":1,"href":"https:\/\/revistapantalla.com\/index.php?rest_route=\/wp\/v2\/posts\/6042\/revisions"}],"predecessor-version":[{"id":6043,"href":"https:\/\/revistapantalla.com\/index.php?rest_route=\/wp\/v2\/posts\/6042\/revisions\/6043"}],"wp:featuredmedia":[{"embeddable":true,"href":"https:\/\/revistapantalla.com\/index.php?rest_route=\/wp\/v2\/media\/5334"}],"wp:attachment":[{"href":"https:\/\/revistapantalla.com\/index.php?rest_route=%2Fwp%2Fv2%2Fmedia&parent=6042"}],"wp:term":[{"taxonomy":"category","embeddable":true,"href":"https:\/\/revistapantalla.com\/index.php?rest_route=%2Fwp%2Fv2%2Fcategories&post=6042"},{"taxonomy":"post_tag","embeddable":true,"href":"https:\/\/revistapantalla.com\/index.php?rest_route=%2Fwp%2Fv2%2Ftags&post=6042"},{"taxonomy":"post_folder","embeddable":true,"href":"https:\/\/revistapantalla.com\/index.php?rest_route=%2Fwp%2Fv2%2Fpost_folder&post=6042"}],"curies":[{"name":"wp","href":"https:\/\/api.w.org\/{rel}","templated":true}]}}