{"id":5954,"date":"2026-01-07T18:06:51","date_gmt":"2026-01-08T00:06:51","guid":{"rendered":"https:\/\/revistapantalla.com\/?p=5954"},"modified":"2026-01-07T18:28:50","modified_gmt":"2026-01-08T00:28:50","slug":"amtec-promueve-luminaria-aputure-mc-12-light-kit-12-almohadillas-de-carga-inalambricas-integradas","status":"publish","type":"post","link":"https:\/\/revistapantalla.com\/?p=5954","title":{"rendered":"AMTEC promueve luminaria Aputure MC 12-Light Kit, 12 almohadillas de carga inal\u00e1mbricas integradas"},"content":{"rendered":"\n<p>RevistaTelemundoCine.com \/ TecnoC\u00e1psulas<\/p>\n\n\n\n<p>La compa\u00f1\u00eda Amtec, que dirige Andr\u00e9s Mart\u00ednez-R\u00edos, promueve una muy amplia l\u00ednea de productos de marcas muy reconocidas, como ARRI, Ikegami, Aputure, Harmonic, Canon, Blackmagic y Zeiss, Sennheiser y DPA, entre otras.<\/p>\n\n\n\n<p class=\"has-vivid-red-color has-text-color has-link-color has-medium-font-size wp-elements-cc765d83bed16eef8615c1de27c74843\"><strong>Luminaria Aputure MC 12-Light Kit<\/strong><\/p>\n\n\n\n<ul class=\"wp-block-list\">\n<li>Control total de iluminaci\u00f3n en cualquier set con calidad de cinematogr\u00e1fica<\/li>\n<\/ul>\n\n\n\n<ul class=\"wp-block-list\">\n<li>12 miniluces RGBWW<\/li>\n<\/ul>\n\n\n\n<ul class=\"wp-block-list\">\n<li>Estuche de carga resistente y r\u00edgido con caj\u00f3n para accesorios personalizado incorporado<\/li>\n<\/ul>\n\n\n\n<ul class=\"wp-block-list\">\n<li>12 almohadillas de carga inal\u00e1mbricas integradas y 3 puertos USB de 5 V\/2 A<\/li>\n<\/ul>\n\n\n\n<ul class=\"wp-block-list\">\n<li>Acepta alimentaci\u00f3n de CA y 12 V CC&nbsp;&nbsp;a trav\u00e9s de D-Tap<\/li>\n<\/ul>\n\n\n\n<ul class=\"wp-block-list\">\n<li>Colores, potencia y portabilidad en un solo kit<\/li>\n<\/ul>\n\n\n\n<p><a href=\"https:\/\/www.amtec.com.mx\">Amtec<\/a> es Expositor de la Expo Cine Video Televisi\u00f3n, la Expo de la Revista TelemundoCine \/ <a href=\"https:\/\/www.revistapantalla.com\">RevistaPantalla.com<\/a> que se presenta en su Nueva Era \/ <a href=\"https:\/\/www.expopantalla.com\">ExpoPantalla<\/a> <\/p>\n","protected":false},"excerpt":{"rendered":"<p>12 almohadillas de carga inal\u00e1mbricas integradas y 3 puertos USB de 5 V\/2 A<\/p>\n","protected":false},"author":2,"featured_media":5360,"comment_status":"closed","ping_status":"closed","sticky":false,"template":"","format":"standard","meta":{"_acf_changed":false,"footnotes":""},"categories":[64,132,121,129,78,89,110],"tags":[],"post_folder":[],"class_list":["post-5954","post","type-post","status-publish","format-standard","has-post-thumbnail","hentry","category-amtec","category-camaras","category-compra-de-equipo","category-iluminacion","category-mdetec","category-noticias-de-los-expositores","category-solo-para-fanaticos"],"acf":[],"_links":{"self":[{"href":"https:\/\/revistapantalla.com\/index.php?rest_route=\/wp\/v2\/posts\/5954","targetHints":{"allow":["GET"]}}],"collection":[{"href":"https:\/\/revistapantalla.com\/index.php?rest_route=\/wp\/v2\/posts"}],"about":[{"href":"https:\/\/revistapantalla.com\/index.php?rest_route=\/wp\/v2\/types\/post"}],"author":[{"embeddable":true,"href":"https:\/\/revistapantalla.com\/index.php?rest_route=\/wp\/v2\/users\/2"}],"replies":[{"embeddable":true,"href":"https:\/\/revistapantalla.com\/index.php?rest_route=%2Fwp%2Fv2%2Fcomments&post=5954"}],"version-history":[{"count":2,"href":"https:\/\/revistapantalla.com\/index.php?rest_route=\/wp\/v2\/posts\/5954\/revisions"}],"predecessor-version":[{"id":5973,"href":"https:\/\/revistapantalla.com\/index.php?rest_route=\/wp\/v2\/posts\/5954\/revisions\/5973"}],"wp:featuredmedia":[{"embeddable":true,"href":"https:\/\/revistapantalla.com\/index.php?rest_route=\/wp\/v2\/media\/5360"}],"wp:attachment":[{"href":"https:\/\/revistapantalla.com\/index.php?rest_route=%2Fwp%2Fv2%2Fmedia&parent=5954"}],"wp:term":[{"taxonomy":"category","embeddable":true,"href":"https:\/\/revistapantalla.com\/index.php?rest_route=%2Fwp%2Fv2%2Fcategories&post=5954"},{"taxonomy":"post_tag","embeddable":true,"href":"https:\/\/revistapantalla.com\/index.php?rest_route=%2Fwp%2Fv2%2Ftags&post=5954"},{"taxonomy":"post_folder","embeddable":true,"href":"https:\/\/revistapantalla.com\/index.php?rest_route=%2Fwp%2Fv2%2Fpost_folder&post=5954"}],"curies":[{"name":"wp","href":"https:\/\/api.w.org\/{rel}","templated":true}]}}