{"id":5531,"date":"2025-12-28T21:07:33","date_gmt":"2025-12-29T03:07:33","guid":{"rendered":"https:\/\/revistapantalla.com\/?p=5531"},"modified":"2025-12-28T21:09:11","modified_gmt":"2025-12-29T03:09:11","slug":"kike-vazquez-influencers-y-standuperos-pueden-llegar-a-tener-una-alta-influencia-en-personas-de-todas-las-generaciones-es-momento-de-hablar-de-la-responsabilidad-de-expresion","status":"publish","type":"post","link":"https:\/\/revistapantalla.com\/?p=5531","title":{"rendered":"KIKE V\u00e1zquez, influencers y standuperos pueden llegar a tener una alta influencia en personas de todas las generaciones. Es momento de hablar de la responsabilidad de expresi\u00f3n\u00bb"},"content":{"rendered":"\n<p>Por Jos\u00e9 Antonio Fern\u00e1ndez<\/p>\n\n\n\n<p>Kike V\u00e1zquez, quien fue conductor de la Ceremonia del Ariel en la Ciudad de Guadalajara en 2024, en portada de la Revista TelemundoCine \/ RevistaPantalla.com, me dice en entrevista: \u00abUn humorista debe estudiar siempre, debe poder sostener lo que dice en el escenario. Hay que hablar de la libertad de expresi\u00f3n y tambi\u00e9n es momento de hablar de la responsabilidad de expresi\u00f3n\u00bb.<\/p>\n\n\n\n<ul class=\"wp-block-list\">\n<li>Kike V\u00e1zquez apoya al cien por ciento la libre expresi\u00f3n, y hace un llamado para que sus colegas tambi\u00e9n consideren que la libertad de expresion es tan importante como la responsabilidad de expresi\u00f3n.<\/li>\n<\/ul>\n\n\n\n<ul class=\"wp-block-list\">\n<li>Los influencers y standuperos pueden llegar a tener una alta influencia en personas de todas las generaciones, no porque reciban pagos para incluso promover ciertos productos o hasta personas de fama debe quitarse de la responsabilidad de sus dichos.<\/li>\n<\/ul>\n\n\n\n<ul class=\"wp-block-list\">\n<li>La Responsabilidad de Expresi\u00f3n va de la mano de La Libertad de Expresi\u00f3n.<\/li>\n<\/ul>\n\n\n\n<p>Aqu\u00ed la entrevista de Jos\u00e9 Antonio Fern\u00e1ndez con Kike V\u00e1zquez, publicada en la Revista TelemundoCine n\u00fam. 199. en RevistaPantalla.com.<\/p>\n\n\n\n<p><\/p>\n","protected":false},"excerpt":{"rendered":"<p>La Responsabilidad de Expresi\u00f3n va de la mano de La Libertad de Expresi\u00f3n.<\/p>\n","protected":false},"author":2,"featured_media":5438,"comment_status":"closed","ping_status":"closed","sticky":false,"template":"","format":"standard","meta":{"_acf_changed":false,"footnotes":""},"categories":[62,110,1,152],"tags":[],"post_folder":[],"class_list":["post-5531","post","type-post","status-publish","format-standard","has-post-thumbnail","hentry","category-semanario-pantalla","category-solo-para-fanaticos","category-uncategorized","category-youtubers"],"acf":[],"_links":{"self":[{"href":"https:\/\/revistapantalla.com\/index.php?rest_route=\/wp\/v2\/posts\/5531","targetHints":{"allow":["GET"]}}],"collection":[{"href":"https:\/\/revistapantalla.com\/index.php?rest_route=\/wp\/v2\/posts"}],"about":[{"href":"https:\/\/revistapantalla.com\/index.php?rest_route=\/wp\/v2\/types\/post"}],"author":[{"embeddable":true,"href":"https:\/\/revistapantalla.com\/index.php?rest_route=\/wp\/v2\/users\/2"}],"replies":[{"embeddable":true,"href":"https:\/\/revistapantalla.com\/index.php?rest_route=%2Fwp%2Fv2%2Fcomments&post=5531"}],"version-history":[{"count":1,"href":"https:\/\/revistapantalla.com\/index.php?rest_route=\/wp\/v2\/posts\/5531\/revisions"}],"predecessor-version":[{"id":5532,"href":"https:\/\/revistapantalla.com\/index.php?rest_route=\/wp\/v2\/posts\/5531\/revisions\/5532"}],"wp:featuredmedia":[{"embeddable":true,"href":"https:\/\/revistapantalla.com\/index.php?rest_route=\/wp\/v2\/media\/5438"}],"wp:attachment":[{"href":"https:\/\/revistapantalla.com\/index.php?rest_route=%2Fwp%2Fv2%2Fmedia&parent=5531"}],"wp:term":[{"taxonomy":"category","embeddable":true,"href":"https:\/\/revistapantalla.com\/index.php?rest_route=%2Fwp%2Fv2%2Fcategories&post=5531"},{"taxonomy":"post_tag","embeddable":true,"href":"https:\/\/revistapantalla.com\/index.php?rest_route=%2Fwp%2Fv2%2Ftags&post=5531"},{"taxonomy":"post_folder","embeddable":true,"href":"https:\/\/revistapantalla.com\/index.php?rest_route=%2Fwp%2Fv2%2Fpost_folder&post=5531"}],"curies":[{"name":"wp","href":"https:\/\/api.w.org\/{rel}","templated":true}]}}