{"id":5091,"date":"2025-12-17T15:46:44","date_gmt":"2025-12-17T21:46:44","guid":{"rendered":"https:\/\/revistapantalla.com\/?p=5091"},"modified":"2025-12-17T15:46:44","modified_gmt":"2025-12-17T21:46:44","slug":"videostaff-proueve-microfono-podmic-de-rode-para-videopodcasts","status":"publish","type":"post","link":"https:\/\/revistapantalla.com\/?p=5091","title":{"rendered":"VIDEOSTAFF\u00a0proueve Micr\u00f3fono PodMic de Rode para videopodcasts"},"content":{"rendered":"\n<p>Las Tiendas VideoStaff, dirigidas por Gabriela Salda\u00f1a y Rosa Mar\u00eda Santos, impulsan una ampl\u00edsima variedad de equipos con disponibilidad inmediata para televisoras, productoras independientes, cinefot\u00f3graf@s, vide\u00f3grafos, YouTubers, influencers, iglesias, centros de capacitaci\u00f3n y todo tipo de creadores de contenido. Su cat\u00e1logo est\u00e1 dise\u00f1ado para cubrir desde soluciones compactas hasta configuraciones profesionales para estudios completos de video, audio y transmisi\u00f3n.<\/p>\n\n\n\n<p class=\"has-vivid-red-color has-text-color has-link-color has-medium-font-size wp-elements-94c1008e1354542f3272089b90f94dd5\"><strong>Micr\u00f3fono PodMic Rode<\/strong><\/p>\n\n\n\n<ul class=\"wp-block-list\">\n<li>El Rode PodMic es un micr\u00f3fono din\u00e1mico XLR creado espec\u00edficamente para Podcast y VideoPodcast, reconocido por su sonido c\u00e1lido, presente y controlado, ideal para voces en cualquier entorno de grabaci\u00f3n. <br><\/li>\n\n\n\n<li>Su dise\u00f1o cl\u00e1sico y elegante es parte esencial del Look Cinematogr\u00e1fico que domina hoy los contenidos en plataformas como YouTube, Instagram, TikTok, Twitch, X y m\u00e1s.<\/li>\n<\/ul>\n\n\n\n<ul class=\"wp-block-list\">\n<li>Con su c\u00e1psula direccional optimizada para voz, el PodMic reduce de manera notable el ruido alrededor y mantiene una presencia vocal s\u00f3lida incluso en espacios con ac\u00fastica imperfecta. Esto lo convierte en una herramienta privilegiada para quienes producen en dormitorios, estudios caseros, aulas, salas de juntas y oficinas, donde siempre hay sonidos externos dif\u00edciles de controlar.<\/li>\n<\/ul>\n\n\n\n<p>Adem\u00e1s, el PodMic se integra sin complicaciones con interfaces de audio, mezcladoras y grabadoras profesionales de cualquier marca. Ofrece un desempe\u00f1o de calidad de transmisi\u00f3n, con un tono agradable que facilita la mezcla sin necesidad de procesamientos complejos.<br><\/p>\n\n\n\n<p><a href=\"https:\/\/videostaff.com.mx\">VideoStaff<\/a> es Expositor de la Expo Cine Video que se presenta en su Nueva Era \/ <a href=\"https:\/\/www.expopantalla.com\">ExpoPantalla<\/a>, es la Expo de la Revista TelemundoCine \/ <a href=\"https:\/\/www.revistapantalla.com\">RevistaPantalla.com<\/a><\/p>\n","protected":false},"excerpt":{"rendered":"<p>Las Tiendas VideoStaff, dirigidas por Gabriela Salda\u00f1a y Rosa Mar\u00eda Santos, impulsan una ampl\u00edsima variedad de equipos con disponibilidad inmediata para televisoras, productoras independientes, cinefot\u00f3graf@s, vide\u00f3grafos, YouTubers, influencers, iglesias, centros de capacitaci\u00f3n y todo tipo de creadores de contenido. Su cat\u00e1logo est\u00e1 dise\u00f1ado para cubrir desde soluciones compactas hasta configuraciones profesionales para estudios completos de [&hellip;]<\/p>\n","protected":false},"author":2,"featured_media":5067,"comment_status":"closed","ping_status":"closed","sticky":false,"template":"","format":"standard","meta":{"_acf_changed":false,"footnotes":""},"categories":[25,121,78,89,110,67],"tags":[],"post_folder":[],"class_list":["post-5091","post","type-post","status-publish","format-standard","has-post-thumbnail","hentry","category-audio","category-compra-de-equipo","category-mdetec","category-noticias-de-los-expositores","category-solo-para-fanaticos","category-videostaff"],"acf":[],"_links":{"self":[{"href":"https:\/\/revistapantalla.com\/index.php?rest_route=\/wp\/v2\/posts\/5091","targetHints":{"allow":["GET"]}}],"collection":[{"href":"https:\/\/revistapantalla.com\/index.php?rest_route=\/wp\/v2\/posts"}],"about":[{"href":"https:\/\/revistapantalla.com\/index.php?rest_route=\/wp\/v2\/types\/post"}],"author":[{"embeddable":true,"href":"https:\/\/revistapantalla.com\/index.php?rest_route=\/wp\/v2\/users\/2"}],"replies":[{"embeddable":true,"href":"https:\/\/revistapantalla.com\/index.php?rest_route=%2Fwp%2Fv2%2Fcomments&post=5091"}],"version-history":[{"count":1,"href":"https:\/\/revistapantalla.com\/index.php?rest_route=\/wp\/v2\/posts\/5091\/revisions"}],"predecessor-version":[{"id":5092,"href":"https:\/\/revistapantalla.com\/index.php?rest_route=\/wp\/v2\/posts\/5091\/revisions\/5092"}],"wp:featuredmedia":[{"embeddable":true,"href":"https:\/\/revistapantalla.com\/index.php?rest_route=\/wp\/v2\/media\/5067"}],"wp:attachment":[{"href":"https:\/\/revistapantalla.com\/index.php?rest_route=%2Fwp%2Fv2%2Fmedia&parent=5091"}],"wp:term":[{"taxonomy":"category","embeddable":true,"href":"https:\/\/revistapantalla.com\/index.php?rest_route=%2Fwp%2Fv2%2Fcategories&post=5091"},{"taxonomy":"post_tag","embeddable":true,"href":"https:\/\/revistapantalla.com\/index.php?rest_route=%2Fwp%2Fv2%2Ftags&post=5091"},{"taxonomy":"post_folder","embeddable":true,"href":"https:\/\/revistapantalla.com\/index.php?rest_route=%2Fwp%2Fv2%2Fpost_folder&post=5091"}],"curies":[{"name":"wp","href":"https:\/\/api.w.org\/{rel}","templated":true}]}}