{"id":4876,"date":"2025-12-10T17:35:37","date_gmt":"2025-12-10T23:35:37","guid":{"rendered":"https:\/\/revistapantalla.com\/?p=4876"},"modified":"2025-12-11T00:31:00","modified_gmt":"2025-12-11T06:31:00","slug":"virtual-media-promueve-monitor-dp-v3120-resolucion-de-4096-x-2160-pixeles","status":"publish","type":"post","link":"https:\/\/revistapantalla.com\/?p=4876","title":{"rendered":"VIRTUAL Media promueve Monitor DP-V3120, resoluci\u00f3n de 4096 x 2160 pixeles"},"content":{"rendered":"\n<p>Fuente: RevistaPantalla.com \/ TecnoC\u00e1psulas<\/p>\n\n\n\n<p>La compa\u00f1\u00eda Virtual Media, que dirige Eduardo Echeverr\u00eda, es especialista en streaming. Ofrecen diversos servicios de internet: fibra \u00f3ptica, bonding celular o satelital en sitio para cobertura de eventos, conciertos, campa\u00f1as pol\u00edticas, deportes, circuitos cerrados, transmisi\u00f3n de lanzamiento de productos y webinars.<\/p>\n\n\n\n<p>Virtual Media es distribuidor de distintas marcas y tambi\u00e9n renta equipo: Teradek, Wowza, Lumantec, Digital ForesCast, Small HD, Wooden Camera y PTZ Optics. Tiene la capacidad para tambi\u00e9n hacerse cargo de la producci\u00f3n de eventos especiales.<\/p>\n\n\n\n<p class=\"has-vivid-red-color has-text-color has-link-color has-medium-font-size wp-elements-b5e451844b39b3ad1990f4739f5456d8\"><strong>Monitor DP-V3120<\/strong><\/p>\n\n\n\n<ul class=\"wp-block-list\">\n<li>LCD de 31 pulgadas<\/li>\n<\/ul>\n\n\n\n<ul class=\"wp-block-list\">\n<li>Resoluci\u00f3n de 4096 x 2160 pixeles<\/li>\n\n\n\n<li><\/li>\n\n\n\n<li>Est\u00e1ndar industrial HD, 4K u 8K<\/li>\n<\/ul>\n\n\n\n<ul class=\"wp-block-list\">\n<li>Monitor de grado 1 HDR, para uso en referencia y correcci\u00f3n de color<\/li>\n<\/ul>\n\n\n\n<p><a href=\"https:\/\/virtualmedia.mx\">Virtual Media<\/a>&nbsp;es Expositor de la Expo Cine Video Televisi\u00f3n, la Expo de la Revista TelemundoCine \/ <a href=\"https:\/\/www.revistapantalla.com\">RevistaPantalla.com<\/a> que se presenta en su Nueva Era \/ <a href=\"https:\/\/www.expopantalla.com\">ExpoPantalla<\/a>&nbsp;<\/p>\n","protected":false},"excerpt":{"rendered":"<p>Referencia profesional 4K HDR de 31\u201d. Ideal para correcci\u00f3n de color y flujos HD, 4K y 8K.<\/p>\n","protected":false},"author":2,"featured_media":4856,"comment_status":"closed","ping_status":"closed","sticky":false,"template":"","format":"standard","meta":{"_acf_changed":false,"footnotes":""},"categories":[132,121,78,89,110,134],"tags":[],"post_folder":[],"class_list":["post-4876","post","type-post","status-publish","format-standard","has-post-thumbnail","hentry","category-camaras","category-compra-de-equipo","category-mdetec","category-noticias-de-los-expositores","category-solo-para-fanaticos","category-virtual-media"],"acf":[],"_links":{"self":[{"href":"https:\/\/revistapantalla.com\/index.php?rest_route=\/wp\/v2\/posts\/4876","targetHints":{"allow":["GET"]}}],"collection":[{"href":"https:\/\/revistapantalla.com\/index.php?rest_route=\/wp\/v2\/posts"}],"about":[{"href":"https:\/\/revistapantalla.com\/index.php?rest_route=\/wp\/v2\/types\/post"}],"author":[{"embeddable":true,"href":"https:\/\/revistapantalla.com\/index.php?rest_route=\/wp\/v2\/users\/2"}],"replies":[{"embeddable":true,"href":"https:\/\/revistapantalla.com\/index.php?rest_route=%2Fwp%2Fv2%2Fcomments&post=4876"}],"version-history":[{"count":2,"href":"https:\/\/revistapantalla.com\/index.php?rest_route=\/wp\/v2\/posts\/4876\/revisions"}],"predecessor-version":[{"id":4898,"href":"https:\/\/revistapantalla.com\/index.php?rest_route=\/wp\/v2\/posts\/4876\/revisions\/4898"}],"wp:featuredmedia":[{"embeddable":true,"href":"https:\/\/revistapantalla.com\/index.php?rest_route=\/wp\/v2\/media\/4856"}],"wp:attachment":[{"href":"https:\/\/revistapantalla.com\/index.php?rest_route=%2Fwp%2Fv2%2Fmedia&parent=4876"}],"wp:term":[{"taxonomy":"category","embeddable":true,"href":"https:\/\/revistapantalla.com\/index.php?rest_route=%2Fwp%2Fv2%2Fcategories&post=4876"},{"taxonomy":"post_tag","embeddable":true,"href":"https:\/\/revistapantalla.com\/index.php?rest_route=%2Fwp%2Fv2%2Ftags&post=4876"},{"taxonomy":"post_folder","embeddable":true,"href":"https:\/\/revistapantalla.com\/index.php?rest_route=%2Fwp%2Fv2%2Fpost_folder&post=4876"}],"curies":[{"name":"wp","href":"https:\/\/api.w.org\/{rel}","templated":true}]}}