{"id":4381,"date":"2025-11-30T23:37:20","date_gmt":"2025-12-01T05:37:20","guid":{"rendered":"https:\/\/revistapantalla.com\/?p=4381"},"modified":"2026-02-17T18:51:35","modified_gmt":"2026-02-18T00:51:35","slug":"nominados-finalistas-xxvii-festival-pantalla-de-cristal-categoria-cortos-de-ficcion","status":"publish","type":"post","link":"https:\/\/revistapantalla.com\/?p=4381","title":{"rendered":"GANADORES y Nominados Finalistas XXVII Festival Pantalla de Cristal \/ Categor\u00eda Cortos de Ficci\u00f3n"},"content":{"rendered":"\n<p><strong>XXVII Festival Pantalla de Cristal 2025<\/strong><br><strong>Categor\u00eda Cortos de Ficci\u00f3n<\/strong><br><strong>Nominados y Ganadores<\/strong><\/p>\n\n\n\n<p class=\"has-vivid-red-color has-text-color has-link-color wp-elements-53a855c0a0a8dbb7dbc9f24f5d035688\"><br><strong>XXVII Festival Pantalla de Cristal 2025<\/strong><br><strong>Categor\u00eda Cortos de Ficci\u00f3n<\/strong><br><strong>Nominados Finalistas&nbsp;<\/strong><br><strong>Mejor Corto de Ficci\u00f3n<\/strong><\/p>\n\n\n\n<p>\u2022&nbsp;<strong>El sitio que tambi\u00e9n est\u00e1<\/strong><br>Productora: Mandarina Films<br>Direcci\u00f3n: Carlos Hern\u00e1ndez V\u00e1zquez<\/p>\n\n\n\n<p>\u2022&nbsp;<strong>Lookout-Creek<\/strong><br class=\"\">Direcci\u00f3n: Sergio Solarres \/ \u00c1lvarez<\/p>\n\n\n\n<p>\u2022&nbsp;<strong>De hombres y armaduras<\/strong><br>Productora: ENAC \/ UNAM<br>Direcci\u00f3n: Uxmal \u00c1lvarez<br><br>\u2022&nbsp;<strong>N\u00e1ufragos<\/strong><br>Productora: CCC \/ Secretar\u00eda de Cultura<br>Direcci\u00f3n: Andrea Saavedra de la Teja<br><\/p>\n\n\n\n<p><\/p>\n\n\n\n<p class=\"has-text-color has-link-color wp-elements-db0281990ffe964a27b3724e0aabb2f1\" style=\"color:#119061\"><strong>XXVII Festival Pantalla de Cristal 2025<\/strong><br><strong>Categor\u00eda Cortos de Ficci\u00f3n<\/strong><br><strong>Ganador&nbsp;<\/strong><br><strong>Mejor Corto de Ficci\u00f3n<\/strong><br><\/p>\n\n\n\n<p>\u2022&nbsp;<strong>Silencio aislado<\/strong><br>Direcci\u00f3n: Vicente Garibay Lijanova<\/p>\n\n\n\n<p>&nbsp;<\/p>\n\n\n\n<figure class=\"wp-block-table\"><table class=\"has-fixed-layout\"><tbody><tr><td><br><br><br><br><br><br><br><strong>XXVII Festival Pantalla de Cristal 2025<\/strong><br><strong>Categor\u00eda Cortos de Ficci\u00f3n<br>Ganador <\/strong><br><strong>Mejores Cortos de Ficci\u00f3n para Ni\u00f1as y Ni\u00f1os <\/strong><br><strong>Valores de Producci\u00f3n \/ Dise\u00f1o de Arte Concepto Creativo \u00a0<\/strong><br><br>\u2022\u00a0<strong>Las historias del p\u00e1jaro Cenzontle<\/strong><br>Direcci\u00f3n: C\u00e9sar Amador \/ Eveidy Pineda \/ Patricia Guzm\u00e1nProducci\u00f3n: Canal Once \/ IPN<br><br><br><br><br><br><br><br><strong>XXVII Festival Pantalla de Cristal 2025<\/strong><br><strong>Categor\u00eda Cortos de Ficci\u00f3n<br>Nominados Finalistas\u00a0<\/strong><br><strong>Mejor Direcci\u00f3n<\/strong><br><strong><br><\/strong>\u2022\u00a0<strong>Silencio aislado<\/strong><br>Direcci\u00f3n: Vicente Garibay Lijanova<br><br>\u2022\u00a0<strong>El sitio en el que tambi\u00e9n se est\u00e1<\/strong><br>Productora: Mandarina Films<br>Direcci\u00f3n: Carlos Hern\u00e1ndez V\u00e1zquez<br><br>\u2022\u00a0<strong>De hombres y armaduras<\/strong><br>Productora: ENAC \/ UNAM<br>Direcci\u00f3n: Uxmal \u00c1lvarez<br><br>\u2022\u00a0<strong>Gasolina<\/strong><br>Productora: CCC \/ Secretar\u00eda de Cultura<br>Direcci\u00f3n: Victor Mata Duarte<br><br>\u2022\u00a0<strong>N\u00e1ufragos<\/strong><br>Productora: CCC \/ Secretar\u00eda de Cultura<br>Direcci\u00f3n: Andrea Saavedra de la Teja<br><br><br><strong>XXVII Festival Pantalla de Cristal 2025<\/strong><br><strong>Categor\u00eda Cortos de Ficci\u00f3n<br>Ganador\u00a0<\/strong><br><strong>Mejor Direcci\u00f3n<\/strong><br><br>\u2022\u00a0<strong>Lookout-Creek<\/strong><br><strong>Direcci\u00f3n: Sergio Solares \u00c1lvarez \/ C\u00e9sar Ram\u00edrez<\/strong><br><br><br><br><br><strong>XXVII Festival Pantalla de Cristal 2025<br>Categor\u00eda Cortos de Ficci\u00f3n<br>Ganadora<br>Mejor Actriz<\/strong><br><br>\u2022\u00a0<strong>Silencio aislado<\/strong><br>Direcci\u00f3n: Vicente Garibay Lijanova<br>Producci\u00f3n: Bullet \/ Estudios Churubusco \/ Cine Acr\u00edlico\u00a0\/ SAE Institute M\u00e9xico<br><strong>Actriz: Nora Vel\u00e1zquez<br><\/strong><br><br><br><strong>XXVII Festival Pantalla de Cristal 2025<br>Categor\u00eda Cortos de Ficci\u00f3n<\/strong><br><strong>Ganador<br>Mejor Actor<\/strong><br><br>\u2022\u00a0<strong>De hombres y armaduras<\/strong><br>Productora: ENAC \/ UNAM<br>Direcci\u00f3n: Uxmal \u00c1lvarez<br><strong>Mejor Actor: Jos\u00e9 Luis \u00abGuicho\u00bb P\u00e9rez<\/strong><br><br><br><br><br><strong>XXVII Festival Pantalla de Cristal 2025<br>Categor\u00eda Cortos de Ficci\u00f3n<br>Ganadores<br>Mejor Actor Joven<\/strong><br><br>\u2022\u00a0<strong>Gasolina<\/strong><br>Productora: CCC \/ Comisi\u00f3n de Filmaciones Guanajuato<br>Direcci\u00f3n: V\u00edctor Duarte<br><strong>Actor: V\u00edctor Hern\u00e1ndez<\/strong><br><br>\u2022\u00a0<strong>El sitio en el que tambi\u00e9n se est\u00e1<\/strong><br>Productora: Mandarina Films<br>Direcci\u00f3n: Carlos Hern\u00e1ndez V\u00e1zquez<br><strong>Actor: Sebasti\u00e1n Vera<\/strong><br><br><br><br><br><br><strong>XXVII Festival Pantalla de Cristal 2025<br>Categor\u00eda Cortos de Ficci\u00f3n<\/strong><br><strong>Ganador<br>Revelaci\u00f3n Actor Infantil<\/strong><br><br>\u2022\u00a0<strong>De hombres y armaduras<\/strong><br>Productora: ENAC \/ UNAM<br>Direcci\u00f3n: Uxmal \u00c1lvarez<br><strong>Actor Infantil: Said Mart\u00ednez Mart\u00ednez<\/strong><br><br><br><br><br><br><strong>XXVII Festival Pantalla de Cristal 2025<br>Categor\u00eda Cortos de Ficci\u00f3n<\/strong><br><strong>Ganadora<br>Revelaci\u00f3n Actriz Infantil<\/strong><br><br>\u2022\u00a0<strong>100 d\u00edas de Aleja<\/strong><br>Productora: Canal Trece Colombia<br>Direcci\u00f3n: Diego Fernando Valencia<br><strong>Actriz Infantil: Angie Jim\u00e9nez<\/strong><br><br><br><br><br><strong>XXVII Festival Pantalla de Cristal 2025<br>Categor\u00eda Cortos de Ficci\u00f3n<br>Nominadas Finalistas\u00a0<br>Mejor Actriz Joven<\/strong><br><br><strong>L\u00edneas en Alta Tensi\u00f3n<\/strong>\u00a0<br>Producci\u00f3n: ENAC \/ Unam<br>Direcci\u00f3n: Vicente Monarque<br>Actriz: Dea Ru\u00edz<br><br><strong>La Pecera<\/strong><br>Producci\u00f3n: ClaveCine\u00a0Art Lab \/ Focine \/ Imcine \/ Focine \/ Secretar\u00eda de Cultura\u00a0<br>Direcci\u00f3n: Victoria Garza<br>Actriz: Ari Cigarroa<br><br><br><br><strong>XXVII Festival Pantalla de Cristal 2025<br>Categor\u00eda Cortos de Ficci\u00f3n<br>Ganadora\u00a0<br>Mejor Actriz Joven<\/strong><br><br>\u2022\u00a0<strong>N\u00e1ufragos<\/strong><br>Productora: CCC \/ Secretar\u00eda de Cultura<br>Direcci\u00f3n: Andrea Saavedra de la Teja<br><strong>Actriz: Paola Lara<\/strong><br><br><br><br><br><br><br><br><strong>XXVII Festival Pantalla de Cristal 2025<\/strong><br><strong>Categor\u00eda Cortos de Ficci\u00f3n<br>Nominados Finalistas\u00a0<\/strong><br><strong>Valores de Producci\u00f3n en Pantalla<\/strong><br><strong><br><\/strong>\u2022\u00a0<strong>Silencio aislado<\/strong><br>Direcci\u00f3n: Vicente Garibay Lijanova<br><br>\u2022\u00a0<strong>El sitio que tambi\u00e9n est\u00e1<\/strong><br>Productora: Mandarina Films<br>Direcci\u00f3n: Carlos Hern\u00e1ndez V\u00e1zquez<br><br>\u2022\u00a0<strong>De hombres y armaduras<\/strong><br>Productora: ENAC \/ UNAM<br>Direcci\u00f3n: Uxmal \u00c1lvarez<br><br>\u2022\u00a0<strong>N\u00e1ufragos<\/strong><br>Productora: CCC \/ Secretar\u00eda de Cultura<br>Direcci\u00f3n: Andrea Saavedra de la Teja<br><br><br><br><strong>XXVII Festival Pantalla de Cristal 2025<\/strong><br><strong>Categor\u00eda Cortos de Ficci\u00f3n<br>Ganador\u00a0<\/strong><br><strong>Valores de Producci\u00f3n en Pantalla<\/strong><br><br>\u2022\u00a0<strong>Gasolina<\/strong><br>Productora: CCC \/ Secretar\u00eda de Cultura<br>Direcci\u00f3n: Victor Mata Duarte<br><strong>Producci\u00f3n: Christi\u00e1n N\u00e1jera \/ Carolina Lecuona<\/strong><br><br><br><br><br><strong>XXVII Festival Pantalla de Cristal 2025<\/strong><br><strong>Categor\u00eda Cortos de Ficci\u00f3n<br>Nominados Finalistas\u00a0<\/strong><br><strong>Mejor Fotograf\u00eda<br><br>\u2022\u00a0Martha y Mari<br><\/strong>Direcci\u00f3n: Ver\u00f3nica Ram\u00edrez<br><strong><br><\/strong>\u2022\u00a0<strong>Silencio aislado<\/strong><br>Direcci\u00f3n: Vicente Garibay Lijanova<br><br>\u2022\u00a0<strong>El sitio en el que tambi\u00e9n se est\u00e1<\/strong><br>Productora: Mandarina Films<br>Direcci\u00f3n: Carlos Hern\u00e1ndez V\u00e1zquez<br><br>\u2022\u00a0<strong>Gasolina<\/strong><br>Productora: CCC \/ Secretar\u00eda de Cultura<br>Direcci\u00f3n: Victor Mata Duarte<br><br><br><br><strong>XXVII Festival Pantalla de Cristal 2025<\/strong><br><strong>Categor\u00eda Cortos de Ficci\u00f3n<br>Ganadora\u00a0<\/strong><br><strong>Mejor Fotograf\u00eda<\/strong><br><br>\u2022\u00a0<strong>N\u00e1ufragos<\/strong><br>Productora: CCC \/ Secretar\u00eda de Cultura<br>Direcci\u00f3n: Andrea Saavedra de la Teja<br><strong>Fotograf\u00eda: Mariana Sald\u00edvar Robles<\/strong><br><br><br><br><br><strong>XXVII Festival Pantalla de Cristal 2025<\/strong><br><strong>Categor\u00eda Cortos de Ficci\u00f3n<br>Nominados Finalistas\u00a0<\/strong><br><strong>Mejor Gui\u00f3n \/ Concepto Narrativo\u00a0<\/strong><br><strong><br><\/strong>\u2022\u00a0<strong>Silencio aislado<\/strong><br>Direcci\u00f3n: Vicente Garibay Lijanova<br><br>\u2022\u00a0<strong>El sitio en el que tambi\u00e9n se est\u00e1<\/strong><br>Productora: Mandarina Films<br>Direcci\u00f3n: Carlos Hern\u00e1ndez V\u00e1zquez<br><br>\u2022\u00a0<strong>Lookout-Creek<\/strong><br>Direcci\u00f3n: Sergio Solarres \/ \u00c1lvarez<br><br>\u2022\u00a0<strong>De hombres y armaduras<\/strong><br>Productora: ENAC \/ UNAM<br>Direcci\u00f3n: Uxmal \u00c1lvarez<br><br><br><br><strong>XXVII Festival Pantalla de Cristal 2025<\/strong><br><strong>Categor\u00eda Cortos de Ficci\u00f3n<br>Ganador\u00a0<\/strong><br><strong>Mejor Gui\u00f3n \/ Concepto Narrativo\u00a0<\/strong><br><br>\u2022\u00a0<strong>N\u00e1ufragos<\/strong><br>Productora: CCC \/ Secretar\u00eda de Cultura<br>Direcci\u00f3n: Andrea Saavedra de la Teja<br><strong>Gui\u00f3n: Kim Torres \/ Andrea Saavedra de la Teja<\/strong><br><br><br><br><br><br><strong>XXVII Festival Pantalla de Cristal 2025<\/strong><br><strong>Categor\u00eda Cortos de Ficci\u00f3n<br>Nominados Finalistas\u00a0<\/strong><br><strong>Mejor Dise\u00f1o de Arte<\/strong><br><strong><br><\/strong>\u2022\u00a0<strong>Silencio aislado<\/strong><br>Direcci\u00f3n: Vicente Garibay Lijanova<br><br>\u2022\u00a0<strong>De hombres y armaduras<\/strong><br>Productora: ENAC \/ UNAM<br>Direcci\u00f3n: Uxmal \u00c1lvarez<br><br>\u2022\u00a0<strong>N\u00e1ufragos<\/strong><br>Productora: CCC \/ Secretar\u00eda de Cultura<br>Direcci\u00f3n: Andrea Saavedra de la Teja<br><br><br><br><strong>XXVII Festival Pantalla de Cristal 2025<\/strong><br><strong>Categor\u00eda Cortos de Ficci\u00f3n<br>Ganador\u00a0<\/strong><br><strong>Mejor Dise\u00f1o de Arte<\/strong><br><br>\u2022\u00a0<strong>El sitio en el que tambi\u00e9n se est\u00e1<\/strong><br>Productora: Mandarina Films<br>Direcci\u00f3n: Carlos Hern\u00e1ndez V\u00e1zquez<br><strong>Dise\u00f1o de Arte: Carlos Hern\u00e1ndez V\u00e1zquez<\/strong><br><br><strong>\u00a0<\/strong><br><br><br><strong>XXVII Festival Pantalla de Cristal 2025<\/strong><br><strong>Categor\u00eda Cortos de Ficci\u00f3n<br>Nominados Finalistas\u00a0<\/strong><br><strong>Mejor Edici\u00f3n<\/strong> <strong>\/ Post<\/strong><br><br>\u2022\u00a0<strong>Martha y Mari<\/strong><br>Direcci\u00f3n: Ver\u00f3nica Ram\u00edrez<br><br>\u2022\u00a0<strong>Lookout-Creek<\/strong><br>Direcci\u00f3n: Sergio Solarres \/ \u00c1lvarez<br><br>\u2022\u00a0<strong>Gasolina<\/strong><br>Productora: CCC \/ Secretar\u00eda de Cultura<br>Direcci\u00f3n: Victor Mata Duarte<br><br>\u2022\u00a0<strong>N\u00e1ufragos<\/strong><br>Productora: CCC \/ Secretar\u00eda de Cultura<br>Direcci\u00f3n: Andrea Saavedra de la Teja<br><br><br><br><strong>XXVII Festival Pantalla de Cristal 2025<\/strong><br><strong>Categor\u00eda Cortos de Ficci\u00f3n<br>Ganador\u00a0<\/strong><br><strong>Mejor Edici\u00f3n \/ Post<\/strong><br><br>\u2022\u00a0<strong>Ni\u00f1o Eterno<\/strong><br><strong>Casa Productora: Ibero Comunicaci\u00f3n \/ Campus CDMX<br><\/strong>Direcci\u00f3n: Rodrigo Ponce Enr\u00edquez<br>Edici\u00f3n &#8211; Post: Rodrigo Ponce Enr\u00edquez \/ Colaboraci\u00f3n de Diego Zamora<br><br><br><br><br><strong>XXVII Festival Pantalla de Cristal 2025<\/strong><br><strong>Categor\u00eda Cortos de Ficci\u00f3n<br>Nominados Finalistas\u00a0<\/strong><br><strong>Mejor Dise\u00f1o de Banda Sonora<\/strong><br><br>\u2022\u00a0<strong>Martha y Mari<\/strong><br>Direcci\u00f3n: Ver\u00f3nica Ram\u00edrez<br><br>\u2022\u00a0<strong>Lookout-Creek<\/strong><br>Direcci\u00f3n: Sergio Solares \/ \u00c1lvarez<br><br>\u00a0<\/td><\/tr><\/tbody><\/table><\/figure>\n\n\n\n<p class=\"has-text-color has-link-color wp-elements-b8206e856165cc5bde4ccfcf98843d9d\" style=\"color:#0f8c5e\"><br><strong>XXVII Festival Pantalla de Cristal 2025<\/strong><br><strong>Categor\u00eda Cortos de Ficci\u00f3n<br>Ganador\u00a0<\/strong><br><strong>Mejor Dise\u00f1o de Banda Sonora<\/strong><br><br>\u2022\u00a0<strong>Ni\u00f1o Eterno<\/strong><br><strong>Casa Productora: Ibero Comunicaci\u00f3n \/ Campus CDMX<br><\/strong>Direcci\u00f3n: Rodrigo Ponce Enr\u00edquez<br><strong>Dise\u00f1o de Banda Sonora<\/strong>: <strong>I\u00f1aqui Arriola \/ Alex Llera<\/strong><br><br><br><br><br>\u00b7<em>La Ceremonia de Premiaci\u00f3n del XXVII Festival Pantalla de Cristal se llev\u00f3 a cabo el lunes 19 de enero 2026 a las 6 de la tarde<\/em>, en la Sala 2 de la Cineteca Nacional. <br><br>Nuestro reconocimiento para todos los Nominados Finalistas y Ganadores \/ \u00a1Bravo!<\/p>\n","protected":false},"excerpt":{"rendered":"<p>Aqu\u00ed todos los Nominados Finalistas del XXVII Festival Pantalla de Cristal \/ Categor\u00eda Cortos de Ficci\u00f3n<\/p>\n","protected":false},"author":2,"featured_media":6521,"comment_status":"closed","ping_status":"closed","sticky":false,"template":"","format":"standard","meta":{"_acf_changed":false,"footnotes":""},"categories":[113,62,110,1],"tags":[120],"post_folder":[],"class_list":["post-4381","post","type-post","status-publish","format-standard","has-post-thumbnail","hentry","category-festival-2025-cortos","category-semanario-pantalla","category-solo-para-fanaticos","category-uncategorized","tag-festival-pantalla-nominados-2025"],"acf":[],"_links":{"self":[{"href":"https:\/\/revistapantalla.com\/index.php?rest_route=\/wp\/v2\/posts\/4381","targetHints":{"allow":["GET"]}}],"collection":[{"href":"https:\/\/revistapantalla.com\/index.php?rest_route=\/wp\/v2\/posts"}],"about":[{"href":"https:\/\/revistapantalla.com\/index.php?rest_route=\/wp\/v2\/types\/post"}],"author":[{"embeddable":true,"href":"https:\/\/revistapantalla.com\/index.php?rest_route=\/wp\/v2\/users\/2"}],"replies":[{"embeddable":true,"href":"https:\/\/revistapantalla.com\/index.php?rest_route=%2Fwp%2Fv2%2Fcomments&post=4381"}],"version-history":[{"count":13,"href":"https:\/\/revistapantalla.com\/index.php?rest_route=\/wp\/v2\/posts\/4381\/revisions"}],"predecessor-version":[{"id":7123,"href":"https:\/\/revistapantalla.com\/index.php?rest_route=\/wp\/v2\/posts\/4381\/revisions\/7123"}],"wp:featuredmedia":[{"embeddable":true,"href":"https:\/\/revistapantalla.com\/index.php?rest_route=\/wp\/v2\/media\/6521"}],"wp:attachment":[{"href":"https:\/\/revistapantalla.com\/index.php?rest_route=%2Fwp%2Fv2%2Fmedia&parent=4381"}],"wp:term":[{"taxonomy":"category","embeddable":true,"href":"https:\/\/revistapantalla.com\/index.php?rest_route=%2Fwp%2Fv2%2Fcategories&post=4381"},{"taxonomy":"post_tag","embeddable":true,"href":"https:\/\/revistapantalla.com\/index.php?rest_route=%2Fwp%2Fv2%2Ftags&post=4381"},{"taxonomy":"post_folder","embeddable":true,"href":"https:\/\/revistapantalla.com\/index.php?rest_route=%2Fwp%2Fv2%2Fpost_folder&post=4381"}],"curies":[{"name":"wp","href":"https:\/\/api.w.org\/{rel}","templated":true}]}}