{"id":4331,"date":"2025-11-30T12:41:56","date_gmt":"2025-11-30T18:41:56","guid":{"rendered":"https:\/\/revistapantalla.com\/?p=4331"},"modified":"2025-11-30T12:41:57","modified_gmt":"2025-11-30T18:41:57","slug":"grupo-lighting-promueve-luminarias-vortex-tienen-todos-los-expendables-para-el-set-tambien-sillas-de-director","status":"publish","type":"post","link":"https:\/\/revistapantalla.com\/?p=4331","title":{"rendered":"GRUPO Lighting promueve luminarias Vortex, tienen todos los expendables para el set, tambi\u00e9n sillas de director\u2026"},"content":{"rendered":"\n<p><\/p>\n\n\n\n<p>Fuente:&nbsp;<a href=\"http:\/\/revistapantalla.com\/\">RevistaPantalla.com<\/a>&nbsp;\/ TecnoC\u00e1psulas<\/p>\n\n\n\n<p>Grupo Lighting, compa\u00f1\u00eda que dirigen en mancuerna Carlos Torres y Janna Torres, son expertos en Integraci\u00f3n de Proyectos, espec\u00edficamente en dise\u00f1o, equipamiento e instalaci\u00f3n de proyectos de iluminaci\u00f3n, audio y m\u00e1s, para televisoras, foros de cine, tele y tambi\u00e9n para YouTubers, agencias de publicidad, mercadotecnia y relaciones p\u00fablicas y corporativos, teatros todo tama\u00f1o, centros de presentaci\u00f3n de espect\u00e1culos y shows\u2026<\/p>\n\n\n\n<p class=\"has-vivid-red-color has-text-color has-link-color has-medium-font-size wp-elements-a97f980efdd222eebdb73e6d97691d7e\"><strong>Grupo Lighting vive una nueva era, es el Nuevo Grupo Lighting.\u00a0<\/strong><\/p>\n\n\n\n<p>El Nuevo Grupo Lighting es una propuesta recargada, tiene todo el esp\u00edritu del Grupo Lighting tradicional m\u00e1s la nueva fuerza del Grupo Lighting que ve el Siglo XXI como un gran abanico de oportunidades.&nbsp;<\/p>\n\n\n\n<ul class=\"wp-block-list\">\n<li>Cuentan con el portafolio m\u00e1s amplio de luminarias del mercado, adem\u00e1s desarrollan, con el m\u00e1s alto nivel, Proyectos Llave en Mano para foros de todos los tama\u00f1os, desde Foritos para YouTubers y agencias de publicidad y relaciones p\u00fablicas hasta foros de televisi\u00f3n, teatros y salas de concierto.\u00a0<\/li>\n<\/ul>\n\n\n\n<ul class=\"wp-block-list\">\n<li>Estudiar cada caso con sus necesidades es clave para que Grupo Lighting y su \u00e1rea de Proyectos Llave en Mano dise\u00f1e el traje a la medida m\u00e1s completo, el equipamiento de cada foro siempre tendr\u00e1 caracter\u00edsticas propias que deben cuidarse.\u00a0<\/li>\n<\/ul>\n\n\n\n<ul class=\"wp-block-list\">\n<li>Pero hay un com\u00fan denominador para todos los proyectos: la iluminaci\u00f3n es protagonista.\u00a0<\/li>\n<\/ul>\n\n\n\n<p class=\"has-vivid-red-color has-text-color has-link-color has-medium-font-size wp-elements-98ce5734649610bf6ce499ebf2adcd7d\"><strong>Vortex 8 y Vortex 8S Luz Suave \/ Luz Dura<\/strong><\/p>\n\n\n\n<p>La comunidad de gaffers, iluminadores y cinefot\u00f3graf@s ahora pueden disfrutar de plena libertad creativa con las luminarias Vortex8 y Vortex8 Soft: las promueven como el nuevo d\u00fao din\u00e1mico de 650 W en iluminaci\u00f3n LED<\/p>\n\n\n\n<ul class=\"wp-block-list\">\n<li>Las luminarias Vortex8 y Vortex8 Soft est\u00e1n equipadas con equipadas cosistemas RRGBBW<\/li>\n<\/ul>\n\n\n\n<ul class=\"wp-block-list\">\n<li>Ofrecen una salida de luz potente y tambi\u00e9n eficiencia optimizada. Garantizan la herramienta adecuada para cada proyecto, independientemente del alcance<\/li>\n<\/ul>\n\n\n\n<p>Grupo Lighting <a href=\"http:\/\/grupolighting.com.mx\/\">grupolighting.com.mx<\/a> es Expositor de la Expo Cine Video Televisi\u00f3n, la Expo de la Revista TelemundoCine \/\u00a0<a href=\"http:\/\/revistapantalla.com\/\">RevistaPantalla.com<\/a>que se presenta en su Nueva Era \/ ExpoPantalla <a href=\"http:\/\/expopantalla.com\/\">expopantalla.com<\/a><\/p>\n","protected":false},"excerpt":{"rendered":"<p>luminarias Vortex, tienen todos los expendables para el set, tambi\u00e9n sillas de director\u2026<\/p>\n","protected":false},"author":2,"featured_media":4358,"comment_status":"closed","ping_status":"closed","sticky":false,"template":"","format":"standard","meta":{"_acf_changed":false,"footnotes":""},"categories":[97,78,89,62],"tags":[105],"post_folder":[],"class_list":["post-4331","post","type-post","status-publish","format-standard","has-post-thumbnail","hentry","category-grupo-lighting","category-mdetec","category-noticias-de-los-expositores","category-semanario-pantalla","tag-vortex"],"acf":[],"_links":{"self":[{"href":"https:\/\/revistapantalla.com\/index.php?rest_route=\/wp\/v2\/posts\/4331","targetHints":{"allow":["GET"]}}],"collection":[{"href":"https:\/\/revistapantalla.com\/index.php?rest_route=\/wp\/v2\/posts"}],"about":[{"href":"https:\/\/revistapantalla.com\/index.php?rest_route=\/wp\/v2\/types\/post"}],"author":[{"embeddable":true,"href":"https:\/\/revistapantalla.com\/index.php?rest_route=\/wp\/v2\/users\/2"}],"replies":[{"embeddable":true,"href":"https:\/\/revistapantalla.com\/index.php?rest_route=%2Fwp%2Fv2%2Fcomments&post=4331"}],"version-history":[{"count":2,"href":"https:\/\/revistapantalla.com\/index.php?rest_route=\/wp\/v2\/posts\/4331\/revisions"}],"predecessor-version":[{"id":4359,"href":"https:\/\/revistapantalla.com\/index.php?rest_route=\/wp\/v2\/posts\/4331\/revisions\/4359"}],"wp:featuredmedia":[{"embeddable":true,"href":"https:\/\/revistapantalla.com\/index.php?rest_route=\/wp\/v2\/media\/4358"}],"wp:attachment":[{"href":"https:\/\/revistapantalla.com\/index.php?rest_route=%2Fwp%2Fv2%2Fmedia&parent=4331"}],"wp:term":[{"taxonomy":"category","embeddable":true,"href":"https:\/\/revistapantalla.com\/index.php?rest_route=%2Fwp%2Fv2%2Fcategories&post=4331"},{"taxonomy":"post_tag","embeddable":true,"href":"https:\/\/revistapantalla.com\/index.php?rest_route=%2Fwp%2Fv2%2Ftags&post=4331"},{"taxonomy":"post_folder","embeddable":true,"href":"https:\/\/revistapantalla.com\/index.php?rest_route=%2Fwp%2Fv2%2Fpost_folder&post=4331"}],"curies":[{"name":"wp","href":"https:\/\/api.w.org\/{rel}","templated":true}]}}