{"id":26147,"date":"2026-04-30T23:32:05","date_gmt":"2026-05-01T05:32:05","guid":{"rendered":"https:\/\/revistapantalla.com\/?p=26147"},"modified":"2026-04-30T23:32:06","modified_gmt":"2026-05-01T05:32:06","slug":"marcelo-ebrard-explica-que-incentivos-fiscales-en-el-estado-de-morelos-son-un-acelerador-a-gran-escala-un-peso-de-incentivo-genera-hasta-5-pesos-de-inversion","status":"publish","type":"post","link":"https:\/\/revistapantalla.com\/?p=26147","title":{"rendered":"MARCELO Ebrard explica que Incentivos Fiscales en el estado de Morelos son un Acelerador a Gran Escala, un peso de incentivo genera hasta 5 pesos de inversi\u00f3n"},"content":{"rendered":"\n<p>Por Jos\u00e9 Antonio Fern\u00e1ndez<\/p>\n\n\n\n<p>Marcelo Ebrard se distingue porque desde hace a\u00f1os apoya la producci\u00f3n de contenidos audiovisuales en M\u00e9xico, mantiene una relaci\u00f3n con las plataformas, en especial con Netflix. Su cercan\u00eda con la producci\u00f3n de pel\u00edculas y series es su constante, identifica que es una industria clave para la creaci\u00f3n de empleos y tambi\u00e9n generadora de riqueza que se reparte, algo similar ocurre con la industria tur\u00edstica, lo cual debe ser muy valorado por las pol\u00edticas p\u00fablicas.<br><br><\/p>\n\n\n\n<ul class=\"wp-block-list\">\n<li>En su intervenci\u00f3n en la Hacienda Chinconcuac, al dar el banderazo a los Incentivos Fiscales del estado de Morelos, junto con la gobernadora Margarita Gonz\u00e1lez Saravia, explic\u00f3 la importancia de la industria cinematogr\u00e1fica: reconoci\u00f3 que Morelos se sume a la iniciativa de la Presidenta Claudia Sheinbaum, de impulsar la producci\u00f3n de ccontenidos audiovisuales.<br><br><\/li>\n<\/ul>\n\n\n\n<ul class=\"wp-block-list\">\n<li>Marcelo Ebrard describi\u00f3 a la Incentivos Fiscales en Morelos como un Acelerador a Gran Escala, duplican las inversiones que se hicieron en el estado en materia de producci\u00f3n de cine y series en todo el 2025.<br><br><\/li>\n<\/ul>\n\n\n\n<ul class=\"wp-block-list\">\n<li>Calcula Ebrard que los 80 millones invertidos por el gobierno de Morelos generen una inversi\u00f3n privada 5 veces mayor.<br><\/li>\n<\/ul>\n\n\n\n<p>La Secretar\u00eda de Econom\u00eda del gobierno de Claudia Sheinbaum que encabeza Marcelo Ebrard, cuenta con una \u00e1rea especializada en Industria Creativas dedicada estimular la producci\u00f3n y atraer inversiones extranjeras y nacionales para realizar Contenidos Audiovisuales.<\/p>\n","protected":false},"excerpt":{"rendered":"<p>Calcula Ebrard que los 80 millones invertidos por el gobierno de Morelos generen una inversi\u00f3n privada 5 veces mayor.<\/p>\n","protected":false},"author":2,"featured_media":26136,"comment_status":"closed","ping_status":"closed","sticky":false,"template":"","format":"standard","meta":{"_acf_changed":false,"footnotes":""},"categories":[126,80,137,110,125],"tags":[],"post_folder":[],"class_list":["post-26147","post","type-post","status-publish","format-standard","has-post-thumbnail","hentry","category-cine","category-jdrc","category-plataformas","category-solo-para-fanaticos","category-television"],"acf":[],"_links":{"self":[{"href":"https:\/\/revistapantalla.com\/index.php?rest_route=\/wp\/v2\/posts\/26147","targetHints":{"allow":["GET"]}}],"collection":[{"href":"https:\/\/revistapantalla.com\/index.php?rest_route=\/wp\/v2\/posts"}],"about":[{"href":"https:\/\/revistapantalla.com\/index.php?rest_route=\/wp\/v2\/types\/post"}],"author":[{"embeddable":true,"href":"https:\/\/revistapantalla.com\/index.php?rest_route=\/wp\/v2\/users\/2"}],"replies":[{"embeddable":true,"href":"https:\/\/revistapantalla.com\/index.php?rest_route=%2Fwp%2Fv2%2Fcomments&post=26147"}],"version-history":[{"count":1,"href":"https:\/\/revistapantalla.com\/index.php?rest_route=\/wp\/v2\/posts\/26147\/revisions"}],"predecessor-version":[{"id":26148,"href":"https:\/\/revistapantalla.com\/index.php?rest_route=\/wp\/v2\/posts\/26147\/revisions\/26148"}],"wp:featuredmedia":[{"embeddable":true,"href":"https:\/\/revistapantalla.com\/index.php?rest_route=\/wp\/v2\/media\/26136"}],"wp:attachment":[{"href":"https:\/\/revistapantalla.com\/index.php?rest_route=%2Fwp%2Fv2%2Fmedia&parent=26147"}],"wp:term":[{"taxonomy":"category","embeddable":true,"href":"https:\/\/revistapantalla.com\/index.php?rest_route=%2Fwp%2Fv2%2Fcategories&post=26147"},{"taxonomy":"post_tag","embeddable":true,"href":"https:\/\/revistapantalla.com\/index.php?rest_route=%2Fwp%2Fv2%2Ftags&post=26147"},{"taxonomy":"post_folder","embeddable":true,"href":"https:\/\/revistapantalla.com\/index.php?rest_route=%2Fwp%2Fv2%2Fpost_folder&post=26147"}],"curies":[{"name":"wp","href":"https:\/\/api.w.org\/{rel}","templated":true}]}}