{"id":26140,"date":"2026-04-30T23:14:56","date_gmt":"2026-05-01T05:14:56","guid":{"rendered":"https:\/\/revistapantalla.com\/?p=26140"},"modified":"2026-04-30T23:14:58","modified_gmt":"2026-05-01T05:14:58","slug":"crece-el-numero-de-personas-usuarias-de-internet-en-mexico-de-2015-a-2024-de-61-4-a-100-2-millones","status":"publish","type":"post","link":"https:\/\/revistapantalla.com\/?p=26140","title":{"rendered":"CRECE el n\u00famero de personas usuarias de internet en M\u00e9xico de 2015 a 2024, de 61.4 a 100.2 millones"},"content":{"rendered":"\n<p>*Porcentaje en relaci\u00f3n a la poblaci\u00f3n total<\/p>\n\n\n\n<p>Crece al doble el n\u00famero de personas usuarias de internet en M\u00e9xico de 2015 a 2024, suma ya m\u00e1s del 83 por ciento del total de la poblaci\u00f3n.<br><br><br>El programa Internet para Todos impulsado por el gobierno de AMLO a partir de 2018 y que ahora tiene continuidad con el gobierno de Claudia Sheinbaum, muestra efectividad en su aplicaci\u00f3n.<br><br><br>El anuncio del actual gobierno de Sheinbaum es que para diciembre de 2026 tendr\u00e1n acceso a internet el cien por ciento de escuelas p\u00fablicas y el cien por ciento de hospitales p\u00fablicos.<br><br><\/p>\n\n\n\n<p><strong>Aqu\u00ed el porcentaje en general de las personas con acceso a internet en M\u00e9xico:<\/strong><br><\/p>\n\n\n\n<ul class=\"wp-block-list\">\n<li>57.4% \/ 61.4 millones 2015<br><br><\/li>\n\n\n\n<li>75.6% \/ 88.6 millones 2021<br><br><\/li>\n\n\n\n<li>78.6% \/ 93.1 millones 2022<br><br><\/li>\n\n\n\n<li>81.2% \/ 97.0 millones 2023<br><br><\/li>\n\n\n\n<li>83.1% \/ 100.2 millones 2024<br><\/li>\n<\/ul>\n\n\n\n<p>Es claro que el setvicio de internet es tan indispensable hoy como el servicio el\u00e9ctrico y el agua, en el sentido de posibilidades de la poblaci\u00f3n para su vida diaria.<\/p>\n","protected":false},"excerpt":{"rendered":"<p>El programa Internet para Todos impulsado por el gobierno de AMLO a partir de 2018 y que ahora tiene continuidad con el gobierno de Claudia Sheinbaum, muestra efectividad en su aplicaci\u00f3n. El anuncio del actual gobierno de Sheinbaum es que para diciembre de 2026 tendr\u00e1n acceso a internet el cien por ciento de escuelas p\u00fablicas y el cien por ciento de hospitales p\u00fablicos.<\/p>\n","protected":false},"author":2,"featured_media":26133,"comment_status":"closed","ping_status":"closed","sticky":false,"template":"","format":"standard","meta":{"_acf_changed":false,"footnotes":""},"categories":[80,137,110,125],"tags":[],"post_folder":[],"class_list":["post-26140","post","type-post","status-publish","format-standard","has-post-thumbnail","hentry","category-jdrc","category-plataformas","category-solo-para-fanaticos","category-television"],"acf":[],"_links":{"self":[{"href":"https:\/\/revistapantalla.com\/index.php?rest_route=\/wp\/v2\/posts\/26140","targetHints":{"allow":["GET"]}}],"collection":[{"href":"https:\/\/revistapantalla.com\/index.php?rest_route=\/wp\/v2\/posts"}],"about":[{"href":"https:\/\/revistapantalla.com\/index.php?rest_route=\/wp\/v2\/types\/post"}],"author":[{"embeddable":true,"href":"https:\/\/revistapantalla.com\/index.php?rest_route=\/wp\/v2\/users\/2"}],"replies":[{"embeddable":true,"href":"https:\/\/revistapantalla.com\/index.php?rest_route=%2Fwp%2Fv2%2Fcomments&post=26140"}],"version-history":[{"count":1,"href":"https:\/\/revistapantalla.com\/index.php?rest_route=\/wp\/v2\/posts\/26140\/revisions"}],"predecessor-version":[{"id":26141,"href":"https:\/\/revistapantalla.com\/index.php?rest_route=\/wp\/v2\/posts\/26140\/revisions\/26141"}],"wp:featuredmedia":[{"embeddable":true,"href":"https:\/\/revistapantalla.com\/index.php?rest_route=\/wp\/v2\/media\/26133"}],"wp:attachment":[{"href":"https:\/\/revistapantalla.com\/index.php?rest_route=%2Fwp%2Fv2%2Fmedia&parent=26140"}],"wp:term":[{"taxonomy":"category","embeddable":true,"href":"https:\/\/revistapantalla.com\/index.php?rest_route=%2Fwp%2Fv2%2Fcategories&post=26140"},{"taxonomy":"post_tag","embeddable":true,"href":"https:\/\/revistapantalla.com\/index.php?rest_route=%2Fwp%2Fv2%2Ftags&post=26140"},{"taxonomy":"post_folder","embeddable":true,"href":"https:\/\/revistapantalla.com\/index.php?rest_route=%2Fwp%2Fv2%2Fpost_folder&post=26140"}],"curies":[{"name":"wp","href":"https:\/\/api.w.org\/{rel}","templated":true}]}}