{"id":26087,"date":"2026-04-28T20:01:36","date_gmt":"2026-04-29T02:01:36","guid":{"rendered":"https:\/\/revistapantalla.com\/?p=26087"},"modified":"2026-04-28T20:01:37","modified_gmt":"2026-04-29T02:01:37","slug":"efd-studios-renta-camara-arriflex-16-sr3-capacidad-de-rodar-desde-5-hasta-75-fps-en-su-version-estandar","status":"publish","type":"post","link":"https:\/\/revistapantalla.com\/?p=26087","title":{"rendered":"EFD Studios renta c\u00e1mara Arriflex 16 SR3, capacidad de rodar desde 5 hasta 75 fps en su versi\u00f3n est\u00e1ndar"},"content":{"rendered":"\n<p>RevistaTelemundoCine.com \/ TecnoC\u00e1psulas<\/p>\n\n\n\n<p>La compa\u00f1\u00eda EFD Studios que fund\u00f3 y dirige Gina Ter\u00e1n, es la empresa de renta de equipo l\u00edder en Am\u00e9rica Latina para producir series, pel\u00edculas, comerciales, videoclips\u2026<br><\/p>\n\n\n\n<p>EFD Studios cuenta con diferentes departamentos de equipo a la renta, incluyendo Lentes y Efectos Visuales con el robot Bolt. Tambi\u00e9n los productores pueden desarrollar sus proyectos con EFD Digital, casa de postproducci\u00f3n y efectos visuales.<br><\/p>\n\n\n\n<p class=\"has-vivid-red-color has-text-color has-link-color has-medium-font-size wp-elements-c7c659cfc8f797f261e29f81b5725c21\">C\u00e1mara\u00a0<strong>Arriflex 16 SR3<\/strong><br><\/p>\n\n\n\n<ul class=\"wp-block-list\">\n<li>Herramienta definitiva para quienes buscan un look org\u00e1nico con la ingenier\u00eda alemana m\u00e1s confiable.<br><br><\/li>\n\n\n\n<li>Captura la esencia de la realidad con la textura inconfundible del 16mm.<br><\/li>\n<\/ul>\n\n\n\n<p class=\"has-vivid-red-color has-text-color has-link-color has-medium-font-size wp-elements-5f2e9e62ab4c846a9f6db700e0b6c4d0\"><strong>Lo que hace especial a la C\u00e1mara Arriflex 16 SR3<\/strong><br><\/p>\n\n\n\n<ul class=\"wp-block-list\">\n<li>Ventana Super 16: Un \u00e1rea de exposici\u00f3n m\u00e1s amplia que permite una relaci\u00f3n de aspecto cinematogr\u00e1fica moderna, aprovechando al m\u00e1ximo el negativo.<br><br><\/li>\n\n\n\n<li>Velocidad Vers\u00e1til: Capacidad de rodar desde 5 hasta 75 fps en su versi\u00f3n est\u00e1ndar.<br><br><\/li>\n\n\n\n<li>Versi\u00f3n High Speed (HS): Para quienes buscan c\u00e1maras lentas extremas y fluidas, alcanzando desde 5 hasta 150 fps.<br><br><\/li>\n\n\n\n<li>Montura PL: Compatibilidad con la mejor \u00f3ptica cinematogr\u00e1fica del mundo para una nitidez excepcional sobre el grano de la pel\u00edcula.<br><\/li>\n<\/ul>\n\n\n\n<p><a href=\"https:\/\/efd-studios.com\/\" target=\"_blank\" rel=\"noreferrer noopener\">EFD Studios<\/a>\u00a0es Expositor de la Expo Cine Video Televisi\u00f3n, la Expo de la Revista TelemundoCine \/\u00a0<a href=\"https:\/\/www.revistapantalla.com\/\" target=\"_blank\" rel=\"noreferrer noopener\">RevistaPantalla.com<\/a>\u00a0que se presenta en su Nueva Era \/\u00a0<a href=\"https:\/\/www.expopantalla.com\/\" target=\"_blank\" rel=\"noreferrer noopener\">ExpoPantalla<\/a>.<br><\/p>\n\n\n\n<p>La XXXIV ExpoPantalla \u2013 2026 abre sus puertas el martes 28 y mi\u00e9rcoles 29 de julio del 2026 en el WTC Ciudad de M\u00e9xico, de 2 de la tarde a 8 de la noche.<br><\/p>\n\n\n\n<p>Aqu\u00ed el link directo al PreRegistro de la&nbsp;<a href=\"https:\/\/www.expopantalla.com\/\" target=\"_blank\" rel=\"noreferrer noopener\">ExpoPantalla<\/a><\/p>\n","protected":false},"excerpt":{"rendered":"<p>Herramienta definitiva para quienes buscan un look org\u00e1nico con la ingenier\u00eda alemana m\u00e1s confiable. Captura la esencia de la realidad con la textura inconfundible del 16mm.<\/p>\n","protected":false},"author":2,"featured_media":26079,"comment_status":"closed","ping_status":"closed","sticky":false,"template":"","format":"standard","meta":{"_acf_changed":false,"footnotes":""},"categories":[132,94,79,122,110],"tags":[],"post_folder":[],"class_list":["post-26087","post","type-post","status-publish","format-standard","has-post-thumbnail","hentry","category-camaras","category-efd-studios","category-mdedp","category-renta-de-equipo","category-solo-para-fanaticos"],"acf":[],"_links":{"self":[{"href":"https:\/\/revistapantalla.com\/index.php?rest_route=\/wp\/v2\/posts\/26087","targetHints":{"allow":["GET"]}}],"collection":[{"href":"https:\/\/revistapantalla.com\/index.php?rest_route=\/wp\/v2\/posts"}],"about":[{"href":"https:\/\/revistapantalla.com\/index.php?rest_route=\/wp\/v2\/types\/post"}],"author":[{"embeddable":true,"href":"https:\/\/revistapantalla.com\/index.php?rest_route=\/wp\/v2\/users\/2"}],"replies":[{"embeddable":true,"href":"https:\/\/revistapantalla.com\/index.php?rest_route=%2Fwp%2Fv2%2Fcomments&post=26087"}],"version-history":[{"count":1,"href":"https:\/\/revistapantalla.com\/index.php?rest_route=\/wp\/v2\/posts\/26087\/revisions"}],"predecessor-version":[{"id":26088,"href":"https:\/\/revistapantalla.com\/index.php?rest_route=\/wp\/v2\/posts\/26087\/revisions\/26088"}],"wp:featuredmedia":[{"embeddable":true,"href":"https:\/\/revistapantalla.com\/index.php?rest_route=\/wp\/v2\/media\/26079"}],"wp:attachment":[{"href":"https:\/\/revistapantalla.com\/index.php?rest_route=%2Fwp%2Fv2%2Fmedia&parent=26087"}],"wp:term":[{"taxonomy":"category","embeddable":true,"href":"https:\/\/revistapantalla.com\/index.php?rest_route=%2Fwp%2Fv2%2Fcategories&post=26087"},{"taxonomy":"post_tag","embeddable":true,"href":"https:\/\/revistapantalla.com\/index.php?rest_route=%2Fwp%2Fv2%2Ftags&post=26087"},{"taxonomy":"post_folder","embeddable":true,"href":"https:\/\/revistapantalla.com\/index.php?rest_route=%2Fwp%2Fv2%2Fpost_folder&post=26087"}],"curies":[{"name":"wp","href":"https:\/\/api.w.org\/{rel}","templated":true}]}}