{"id":26052,"date":"2026-04-26T13:11:07","date_gmt":"2026-04-26T19:11:07","guid":{"rendered":"https:\/\/revistapantalla.com\/?p=26052"},"modified":"2026-04-26T13:11:07","modified_gmt":"2026-04-26T19:11:07","slug":"video-entrevista-con-miguel-angel-herros-productor-la-rosa-de-guadalupe-la-serie-mexicana-mas-vista-en-america-latina","status":"publish","type":"post","link":"https:\/\/revistapantalla.com\/?p=26052","title":{"rendered":"Video\/entrevista con Miguel \u00c1ngel Herros, productor La rosa de Guadalupe, la serie mexicana m\u00e1s vista en Am\u00e9rica Latina"},"content":{"rendered":"\n<p>Por Bernarda Bermeo<br><br><br>Miguel \u00c1ngel Herros es el productor de La rosa de Guadalupe, la serie mexicana m\u00e1s vista en Am\u00e9rica Latina por m\u00e1s de tres lustros, va por sus 20 a\u00f1os.<br><\/p>\n\n\n\n<ul class=\"wp-block-list\">\n<li>Es complejo desentra\u00f1ar el secreto de la Rosa de Gualupe que le hace ser un im\u00e1n que atrae a millones y millones de audiencia.<br><br><\/li>\n\n\n\n<li>Una de las claves principlaes es que toca temas que preocupan a la sociedad, familias y personas. Los j\u00f3venes siempre son protagonistas, tambi\u00e9n padres, amigos, parejas y maestros.<br><br><\/li>\n\n\n\n<li>Importante anotar que nunca aparece ning\u00fan sacerdote en las secuencias.<br><br><\/li>\n\n\n\n<li>El famoso viente de la Rosa de Guadalupe se deja a la interpretaci\u00f3n del p\u00fablico, como las historias son realistas no siempre los finales son rosas, como mucha gente lo cree.<br><br><\/li>\n\n\n\n<li>El p\u00fablico sigue La rosa de Guadalupe porque ve sus problemas m\u00e1s fuertes en escena y c\u00f3mo se resolvieron o hasta d\u00f3nde llegaron sus consecuencias.<br><\/li>\n<\/ul>\n\n\n\n<p><br>El Festival Pantalla de Cristal otrog\u00f3 reconocimiento a La rosa de Guadalupe por su alto impacto con el p\u00fablico desde hace m\u00e1s de tres lustros, permanece con alta audiencia en decenas de pa\u00edses de habla hispana.<br><br><br>La otra serie que tambi\u00e9n en su momento logr\u00f3 ser la mexicana m\u00e1s vista en Am\u00e9rica Latina, fue El Chavo, tuvo una empat\u00eda extraordinaria con varias generaciones de familias incluso en Brasil, Argentina, Chile, Per\u00fa, Ecuador, Guatemala, Costa Rica, Venezuela, Bolivia, El Salvador, Costa Rica y m\u00e1s pa\u00edses del Cono Sur.<br><\/p>\n\n\n\n<p>Aqu\u00ed la video\/entrevista con Miguel \u00c1ngel Herros.<\/p>\n\n\n\n<figure class=\"wp-block-embed is-type-video is-provider-youtube wp-block-embed-youtube wp-embed-aspect-16-9 wp-has-aspect-ratio\"><div class=\"wp-block-embed__wrapper\">\n<iframe title=\"La rosa de Guadalupe, serie mexicana m\u00e1s vista en Latinoam\u00e9rica. Entrevista con Miguel \u00c1ngel Herros\" width=\"800\" height=\"450\" src=\"https:\/\/www.youtube.com\/embed\/pDRjv_Es9vc?feature=oembed\" frameborder=\"0\" allow=\"accelerometer; autoplay; clipboard-write; encrypted-media; gyroscope; picture-in-picture; web-share\" referrerpolicy=\"strict-origin-when-cross-origin\" allowfullscreen><\/iframe>\n<\/div><\/figure>\n","protected":false},"excerpt":{"rendered":"<p>Por Bernarda Bermeo Miguel \u00c1ngel Herros es el productor de La rosa de Guadalupe, la serie mexicana m\u00e1s vista en Am\u00e9rica Latina por m\u00e1s de tres lustros, va por sus 20 a\u00f1os. El Festival Pantalla de Cristal otrog\u00f3 reconocimiento a La rosa de Guadalupe por su alto impacto con el p\u00fablico desde hace m\u00e1s de [&hellip;]<\/p>\n","protected":false},"author":2,"featured_media":25995,"comment_status":"closed","ping_status":"closed","sticky":false,"template":"","format":"standard","meta":{"_acf_changed":false,"footnotes":""},"categories":[137,62,110,125,1],"tags":[],"post_folder":[],"class_list":["post-26052","post","type-post","status-publish","format-standard","has-post-thumbnail","hentry","category-plataformas","category-semanario-pantalla","category-solo-para-fanaticos","category-television","category-uncategorized"],"acf":[],"_links":{"self":[{"href":"https:\/\/revistapantalla.com\/index.php?rest_route=\/wp\/v2\/posts\/26052","targetHints":{"allow":["GET"]}}],"collection":[{"href":"https:\/\/revistapantalla.com\/index.php?rest_route=\/wp\/v2\/posts"}],"about":[{"href":"https:\/\/revistapantalla.com\/index.php?rest_route=\/wp\/v2\/types\/post"}],"author":[{"embeddable":true,"href":"https:\/\/revistapantalla.com\/index.php?rest_route=\/wp\/v2\/users\/2"}],"replies":[{"embeddable":true,"href":"https:\/\/revistapantalla.com\/index.php?rest_route=%2Fwp%2Fv2%2Fcomments&post=26052"}],"version-history":[{"count":1,"href":"https:\/\/revistapantalla.com\/index.php?rest_route=\/wp\/v2\/posts\/26052\/revisions"}],"predecessor-version":[{"id":26053,"href":"https:\/\/revistapantalla.com\/index.php?rest_route=\/wp\/v2\/posts\/26052\/revisions\/26053"}],"wp:featuredmedia":[{"embeddable":true,"href":"https:\/\/revistapantalla.com\/index.php?rest_route=\/wp\/v2\/media\/25995"}],"wp:attachment":[{"href":"https:\/\/revistapantalla.com\/index.php?rest_route=%2Fwp%2Fv2%2Fmedia&parent=26052"}],"wp:term":[{"taxonomy":"category","embeddable":true,"href":"https:\/\/revistapantalla.com\/index.php?rest_route=%2Fwp%2Fv2%2Fcategories&post=26052"},{"taxonomy":"post_tag","embeddable":true,"href":"https:\/\/revistapantalla.com\/index.php?rest_route=%2Fwp%2Fv2%2Ftags&post=26052"},{"taxonomy":"post_folder","embeddable":true,"href":"https:\/\/revistapantalla.com\/index.php?rest_route=%2Fwp%2Fv2%2Fpost_folder&post=26052"}],"curies":[{"name":"wp","href":"https:\/\/api.w.org\/{rel}","templated":true}]}}